{"id":3803,"date":"2020-09-07T07:04:31","date_gmt":"2020-09-07T07:04:31","guid":{"rendered":"https:\/\/www.fsl.lu\/?p=3803"},"modified":"2020-09-07T07:04:31","modified_gmt":"2020-09-07T07:04:31","slug":"nouveau-conseil-dadministration","status":"publish","type":"post","link":"https:\/\/www.fsl.lu\/index.php\/2020\/09\/07\/nouveau-conseil-dadministration\/","title":{"rendered":"Nouveau Conseil d&#8217;Administration"},"content":{"rendered":"<p>Lors de sa premi\u00e8re r\u00e9union, les nouveaux membres du CA ont proc\u00e9d\u00e9 \u00e0 l&#8217;\u00e9lection du bureau qui se compose comme suit:<\/p>\n<p><img data-attachment-id=\"3804\" data-permalink=\"https:\/\/www.fsl.lu\/index.php\/2020\/09\/07\/nouveau-conseil-dadministration\/ca_2020\/\" data-orig-file=\"https:\/\/i0.wp.com\/www.fsl.lu\/wp-content\/uploads\/2020\/09\/CA_2020.jpg?fit=396%2C300&amp;ssl=1\" data-orig-size=\"396,300\" data-comments-opened=\"1\" data-image-meta=\"{&quot;aperture&quot;:&quot;0&quot;,&quot;credit&quot;:&quot;&quot;,&quot;camera&quot;:&quot;&quot;,&quot;caption&quot;:&quot;&quot;,&quot;created_timestamp&quot;:&quot;0&quot;,&quot;copyright&quot;:&quot;&quot;,&quot;focal_length&quot;:&quot;0&quot;,&quot;iso&quot;:&quot;0&quot;,&quot;shutter_speed&quot;:&quot;0&quot;,&quot;title&quot;:&quot;&quot;,&quot;orientation&quot;:&quot;0&quot;}\" data-image-title=\"CA_2020\" data-image-description=\"\" data-image-caption=\"\" data-medium-file=\"https:\/\/i0.wp.com\/www.fsl.lu\/wp-content\/uploads\/2020\/09\/CA_2020.jpg?fit=300%2C227&amp;ssl=1\" data-large-file=\"https:\/\/i0.wp.com\/www.fsl.lu\/wp-content\/uploads\/2020\/09\/CA_2020.jpg?fit=396%2C300&amp;ssl=1\" loading=\"lazy\" class=\"alignnone size-full wp-image-3804\" src=\"https:\/\/i0.wp.com\/www.fsl.lu\/wp-content\/uploads\/2020\/09\/CA_2020.jpg?resize=396%2C300&#038;ssl=1\" alt=\"\" width=\"396\" height=\"300\" srcset=\"https:\/\/i0.wp.com\/www.fsl.lu\/wp-content\/uploads\/2020\/09\/CA_2020.jpg?w=396&amp;ssl=1 396w, https:\/\/i0.wp.com\/www.fsl.lu\/wp-content\/uploads\/2020\/09\/CA_2020.jpg?resize=300%2C227&amp;ssl=1 300w\" sizes=\"(max-width: 396px) 100vw, 396px\" data-recalc-dims=\"1\" \/><\/p>\n","protected":false},"excerpt":{"rendered":"<p>Lors de sa premi\u00e8re r\u00e9union, les nouveaux membres du CA ont proc\u00e9d\u00e9 \u00e0 l&#8217;\u00e9lection du bureau qui se compose comme suit:<\/p>\n","protected":false},"author":3,"featured_media":0,"comment_status":"open","ping_status":"open","sticky":true,"template":"","format":"standard","meta":{"ngg_post_thumbnail":0,"spay_email":"","jetpack_publicize_message":"","jetpack_is_tweetstorm":false},"categories":[9],"tags":[],"jetpack_featured_media_url":"","jetpack_publicize_connections":[],"jetpack_sharing_enabled":true,"jetpack_shortlink":"https:\/\/wp.me\/p9222d-Zl","jetpack-related-posts":[{"id":531,"url":"https:\/\/www.fsl.lu\/index.php\/2012\/11\/07\/assemblee-generale-ordinaire-2012\/","url_meta":{"origin":3803,"position":0},"title":"Rapports des r\u00e9unions du Conseil d'Administration","date":"November 7, 2012","format":false,"excerpt":"R\u00e9union du 7 mai 2015 R\u00e9union du 5 mars 2015 R\u00e9union du 19 janvier 2015 R\u00e9union du 16 d\u00e9cembre 2014 R\u00e9union du 9 octobre 2014 R\u00e9union du 2 septembre 2014 R\u00e9union du 22 juillet 2014 R\u00e9union du 11 janvier 2014 R\u00e9union du 9 novembre 2013 R\u00e9union du 10 octobre 2013\u2026","rel":"","context":"In &quot;Rapport CA&quot;","img":{"alt_text":"","src":"","width":0,"height":0},"classes":[]},{"id":6431,"url":"https:\/\/www.fsl.lu\/index.php\/2026\/01\/07\/report-de-la-journee-de-championnat-du-7-janvier-2026\/","url_meta":{"origin":3803,"position":1},"title":"Report de la journ\u00e9e de championnat du 7 janvier 2026","date":"January 7, 2026","format":false,"excerpt":"En raison de l'alerte m\u00e9t\u00e9o pr\u00e9vue aujourd'hui sur l'ensemble du pays, la commission technique a d\u00e9cid\u00e9 de reporter la journ\u00e9e de championnat au mercredi 28 janvier.","rel":"","context":"In &quot;News&quot;","img":{"alt_text":"","src":"","width":0,"height":0},"classes":[]},{"id":3991,"url":"https:\/\/www.fsl.lu\/index.php\/2021\/05\/26\/pas-de-reprise-du-championnat-2020-2021\/","url_meta":{"origin":3803,"position":2},"title":"Pas de reprise du championnat 2020\/2021","date":"May 26, 2021","format":false,"excerpt":"Le championnat 2020\/2021 ne reprendra pas et la saison est annul\u00e9e sauf pour les r\u00e9sultats individuels. Une nouvelle saison devrait d\u00e9marrer en septembre sur base du classement \u00e0 la fin de la saison pr\u00e9c\u00e9dente (2019\/2020).","rel":"","context":"In &quot;Calendar&quot;","img":{"alt_text":"","src":"","width":0,"height":0},"classes":[]},{"id":2396,"url":"https:\/\/www.fsl.lu\/index.php\/2018\/09\/13\/consultations-medecine-du-sport-hopital-kirchberg\/","url_meta":{"origin":3803,"position":3},"title":"Consultations M\u00e9decine du Sport - H\u00f4pital Kirchberg","date":"September 13, 2018","format":false,"excerpt":"Cliquez ici pour t\u00e9l\u00e9charger le courrier \u00a0","rel":"","context":"In &quot;News&quot;","img":{"alt_text":"","src":"https:\/\/i0.wp.com\/fsl.lu\/wp-content\/uploads\/2018\/09\/HRS.jpg?resize=350%2C200","width":350,"height":200},"classes":[]},{"id":1459,"url":"https:\/\/www.fsl.lu\/index.php\/2017\/10\/18\/consultations-medecine-du-sport-hopitaux-robert-schuman\/","url_meta":{"origin":3803,"position":4},"title":"Consultations M\u00e9decine du Sport - H\u00f4pitaux Robert Schuman","date":"October 18, 2017","format":false,"excerpt":"Cliquez ici pour t\u00e9l\u00e9charger le PDF","rel":"","context":"In &quot;News&quot;","img":{"alt_text":"","src":"","width":0,"height":0},"classes":[]},{"id":502,"url":"https:\/\/www.fsl.lu\/index.php\/2012\/09\/19\/test\/","url_meta":{"origin":3803,"position":5},"title":"P\u00e9tange Open 2012","date":"September 19, 2012","format":false,"excerpt":"La 3\u00e8me \u00e9dition du tournoi du Squash Club P\u00e9tange vient de se terminer. Malgr\u00e9 quelques d\u00e9sistements de derni\u00e8re minutes, le tournoi s'est parfaitement d\u00e9roul\u00e9. Aucun retard n'a \u00e9t\u00e9 affich\u00e9, bien au contraire. Nous avons \u00e9t\u00e9 t\u00e9moins de superbes matchs et de rebondissements tout au long de ces 3 jours. Une\u2026","rel":"","context":"In &quot;News&quot;","img":{"alt_text":"","src":"https:\/\/i2.wp.com\/fsl.lu\/wp-content\/uploads\/2012\/09\/Petange_Pro1.jpg?resize=350%2C200","width":350,"height":200},"classes":[]}],"jetpack_likes_enabled":true,"_links":{"self":[{"href":"https:\/\/www.fsl.lu\/index.php\/wp-json\/wp\/v2\/posts\/3803"}],"collection":[{"href":"https:\/\/www.fsl.lu\/index.php\/wp-json\/wp\/v2\/posts"}],"about":[{"href":"https:\/\/www.fsl.lu\/index.php\/wp-json\/wp\/v2\/types\/post"}],"author":[{"embeddable":true,"href":"https:\/\/www.fsl.lu\/index.php\/wp-json\/wp\/v2\/users\/3"}],"replies":[{"embeddable":true,"href":"https:\/\/www.fsl.lu\/index.php\/wp-json\/wp\/v2\/comments?post=3803"}],"version-history":[{"count":1,"href":"https:\/\/www.fsl.lu\/index.php\/wp-json\/wp\/v2\/posts\/3803\/revisions"}],"predecessor-version":[{"id":3805,"href":"https:\/\/www.fsl.lu\/index.php\/wp-json\/wp\/v2\/posts\/3803\/revisions\/3805"}],"wp:attachment":[{"href":"https:\/\/www.fsl.lu\/index.php\/wp-json\/wp\/v2\/media?parent=3803"}],"wp:term":[{"taxonomy":"category","embeddable":true,"href":"https:\/\/www.fsl.lu\/index.php\/wp-json\/wp\/v2\/categories?post=3803"},{"taxonomy":"post_tag","embeddable":true,"href":"https:\/\/www.fsl.lu\/index.php\/wp-json\/wp\/v2\/tags?post=3803"}],"curies":[{"name":"wp","href":"https:\/\/api.w.org\/{rel}","templated":true}]}}