{"id":3991,"date":"2021-05-26T07:11:21","date_gmt":"2021-05-26T07:11:21","guid":{"rendered":"https:\/\/www.fsl.lu\/?p=3991"},"modified":"2021-05-26T07:11:21","modified_gmt":"2021-05-26T07:11:21","slug":"pas-de-reprise-du-championnat-2020-2021","status":"publish","type":"post","link":"https:\/\/www.fsl.lu\/index.php\/2021\/05\/26\/pas-de-reprise-du-championnat-2020-2021\/","title":{"rendered":"Pas de reprise du championnat 2020\/2021"},"content":{"rendered":"<p>Le championnat 2020\/2021 ne reprendra pas et la saison est annul\u00e9e sauf pour les r\u00e9sultats individuels. Une nouvelle saison devrait d\u00e9marrer en septembre sur base du classement \u00e0 la fin de la saison pr\u00e9c\u00e9dente (2019\/2020).<\/p>\n","protected":false},"excerpt":{"rendered":"<p>Le championnat 2020\/2021 ne reprendra pas et la saison est annul\u00e9e sauf pour les r\u00e9sultats individuels. Une nouvelle saison devrait d\u00e9marrer en septembre sur base du classement \u00e0 la fin de la saison pr\u00e9c\u00e9dente (2019\/2020).<\/p>\n","protected":false},"author":3,"featured_media":0,"comment_status":"open","ping_status":"open","sticky":true,"template":"","format":"standard","meta":{"ngg_post_thumbnail":0,"spay_email":"","jetpack_publicize_message":"","jetpack_is_tweetstorm":false},"categories":[7,52,9,37,53],"tags":[],"jetpack_featured_media_url":"","jetpack_publicize_connections":[],"jetpack_sharing_enabled":true,"jetpack_shortlink":"https:\/\/wp.me\/p9222d-12n","jetpack-related-posts":[{"id":292,"url":"https:\/\/www.fsl.lu\/index.php\/2010\/09\/20\/debut-du-championnat\/","url_meta":{"origin":3991,"position":0},"title":"D\u00e9but du Championnat","date":"September 20, 2010","format":false,"excerpt":"Le championnat d\u00e9butera le mercredi 6 octobre. Les capitaines et pr\u00e9sidents de club recevront une semaine avant l'Annuaire de la F\u00e9d\u00e9ration 2010\/2011 au format PDF (nous n'avons plus la possibilit\u00e9 de l'imprimer gratuitement malheureusement) ainsi que les explications sur le d\u00e9roulement de la saison. Il n'y aura donc pas cette\u2026","rel":"","context":"In &quot;News&quot;","img":{"alt_text":"","src":"","width":0,"height":0},"classes":[]},{"id":3822,"url":"https:\/\/www.fsl.lu\/index.php\/2020\/09\/16\/reprise-des-competitions-covid-19\/","url_meta":{"origin":3991,"position":1},"title":"Reprise des comp\u00e9titions - Covid-19","date":"September 16, 2020","format":false,"excerpt":"Le d\u00e9marrage de la saison a lieu mercredi 16 septembre 2020 avec le premier tour de la Coupe de Luxembourg suivi du championnat par \u00e9quipes la semaine suivante. Seuls les 2 joueurs sur le court seront exempts du port du masque. Toutes les autres personnes devront garder leur distance et\u2026","rel":"","context":"In &quot;News&quot;","img":{"alt_text":"","src":"","width":0,"height":0},"classes":[]},{"id":4516,"url":"https:\/\/www.fsl.lu\/index.php\/2022\/08\/18\/demarrage-de-la-saison-2022-2023\/","url_meta":{"origin":3991,"position":2},"title":"D\u00e9marrage de la saison 2022-2023","date":"August 18, 2022","format":false,"excerpt":"Coupe : 1er tour le 21 septembre 2022 Championnat : 1\u00e8re journ\u00e9e le 28 septembre 2022 30 septembre et 1er octobre : Open de P\u00e9tange","rel":"","context":"In &quot;Calendar&quot;","img":{"alt_text":"","src":"","width":0,"height":0},"classes":[]},{"id":891,"url":"https:\/\/www.fsl.lu\/index.php\/2016\/05\/16\/champions-2015-2016\/","url_meta":{"origin":3991,"position":3},"title":"Champions 2015-2016","date":"May 16, 2016","format":false,"excerpt":"F\u00e9licitations au Squash Club de P\u00e9tange pour avoir remport\u00e9 le Championnat par \u00e9quipes 2015-2016. A \u00e9galit\u00e9 avec SCS avant la derni\u00e8re journ\u00e9e de championnat, c'\u00e9tait donc la derni\u00e8re rencontre de la saison qui allait d\u00e9terminer le champion 2015-2016. Cette finale refl\u00e9tait la saison enti\u00e8re, car elle se terminait elle aussi\u2026","rel":"","context":"In &quot;News&quot;","img":{"alt_text":"","src":"https:\/\/i0.wp.com\/fsl.lu\/wp-content\/uploads\/2016\/05\/2016PetangeChampion1.jpg?resize=350%2C200","width":350,"height":200},"classes":[]},{"id":704,"url":"https:\/\/www.fsl.lu\/index.php\/2014\/04\/03\/scs-champion-2013-2014\/","url_meta":{"origin":3991,"position":4},"title":"SCS Champion 2013\/2014","date":"April 3, 2014","format":false,"excerpt":"Le championnat national par \u00e9quipe s'est achev\u00e9 hier soir et Sandweiler est devenu pour la 3\u00e8me saison cons\u00e9cutive champion ! Bien aid\u00e9e de ses 2 joueurs n\u00e9erlandais, l'\u00e9quipe repr\u00e9sentera fi\u00e8rement le Luxembourg lors des prochains championnat d'Europe des Clubs \u00e0 Nottingham d\u00e9but septembre. \u00a0\u00a0\u00a0\u00a0","rel":"","context":"In &quot;News&quot;","img":{"alt_text":"","src":"https:\/\/i1.wp.com\/fsl.lu\/wp-content\/uploads\/2014\/04\/SCS_Champion_2014-1.jpg?resize=350%2C200","width":350,"height":200},"classes":[]},{"id":3749,"url":"https:\/\/www.fsl.lu\/index.php\/2020\/04\/09\/fin-du-championnat-par-equipes-mixte\/","url_meta":{"origin":3991,"position":5},"title":"Fin du championnat par \u00e9quipes mixte","date":"April 9, 2020","format":false,"excerpt":"Les mesures de confinement \u00e9tant prolong\u00e9es, il n'est maintenant malheureusement plus possible de terminer le championnat par \u00e9quipes mixte avant l'\u00e9t\u00e9. En cons\u00e9quence le Conseil d'Administration de la FSL a d\u00e9cid\u00e9 d'arr\u00eater le classement \u00e0 la journ\u00e9e 6 pour la division Champion (cycle complet aller\/retour) et \u00e0 la journ\u00e9e 5\u2026","rel":"","context":"In &quot;Calendar&quot;","img":{"alt_text":"","src":"https:\/\/i2.wp.com\/www.fsl.lu\/wp-content\/uploads\/2020\/04\/Classement2019-2020-Final.jpg?resize=350%2C200&ssl=1","width":350,"height":200},"classes":[]}],"jetpack_likes_enabled":true,"_links":{"self":[{"href":"https:\/\/www.fsl.lu\/index.php\/wp-json\/wp\/v2\/posts\/3991"}],"collection":[{"href":"https:\/\/www.fsl.lu\/index.php\/wp-json\/wp\/v2\/posts"}],"about":[{"href":"https:\/\/www.fsl.lu\/index.php\/wp-json\/wp\/v2\/types\/post"}],"author":[{"embeddable":true,"href":"https:\/\/www.fsl.lu\/index.php\/wp-json\/wp\/v2\/users\/3"}],"replies":[{"embeddable":true,"href":"https:\/\/www.fsl.lu\/index.php\/wp-json\/wp\/v2\/comments?post=3991"}],"version-history":[{"count":1,"href":"https:\/\/www.fsl.lu\/index.php\/wp-json\/wp\/v2\/posts\/3991\/revisions"}],"predecessor-version":[{"id":3992,"href":"https:\/\/www.fsl.lu\/index.php\/wp-json\/wp\/v2\/posts\/3991\/revisions\/3992"}],"wp:attachment":[{"href":"https:\/\/www.fsl.lu\/index.php\/wp-json\/wp\/v2\/media?parent=3991"}],"wp:term":[{"taxonomy":"category","embeddable":true,"href":"https:\/\/www.fsl.lu\/index.php\/wp-json\/wp\/v2\/categories?post=3991"},{"taxonomy":"post_tag","embeddable":true,"href":"https:\/\/www.fsl.lu\/index.php\/wp-json\/wp\/v2\/tags?post=3991"}],"curies":[{"name":"wp","href":"https:\/\/api.w.org\/{rel}","templated":true}]}}