{"id":4259,"date":"2022-01-15T19:55:49","date_gmt":"2022-01-15T19:55:49","guid":{"rendered":"https:\/\/www.fsl.lu\/?p=4259"},"modified":"2022-03-03T13:47:23","modified_gmt":"2022-03-03T13:47:23","slug":"championnat-individuel-federal-2022","status":"publish","type":"post","link":"https:\/\/www.fsl.lu\/index.php\/2022\/01\/15\/championnat-individuel-federal-2022\/","title":{"rendered":"Championnat individuel f\u00e9d\u00e9ral 2022"},"content":{"rendered":"<p><a href=\"https:\/\/www.tournamentsoftware.com\/sport\/players.aspx?id=7CBA259E-28D0-49BF-AA38-EF732D1ADC43\" target=\"_blank\" rel=\"noopener noreferrer\"><img data-attachment-id=\"629\" data-permalink=\"https:\/\/www.fsl.lu\/index.php\/2017\/05\/23\/scs-end-of-season-2017\/attachment-tournamentsoftwarelogo\/\" data-orig-file=\"https:\/\/i2.wp.com\/www.fsl.lu\/wp-content\/uploads\/2013\/11\/TournamentSoftwareLogo.jpg?fit=94%2C24&amp;ssl=1\" data-orig-size=\"94,24\" data-comments-opened=\"1\" data-image-meta=\"{&quot;aperture&quot;:&quot;0&quot;,&quot;credit&quot;:&quot;&quot;,&quot;camera&quot;:&quot;&quot;,&quot;caption&quot;:&quot;&quot;,&quot;created_timestamp&quot;:&quot;0&quot;,&quot;copyright&quot;:&quot;&quot;,&quot;focal_length&quot;:&quot;0&quot;,&quot;iso&quot;:&quot;0&quot;,&quot;shutter_speed&quot;:&quot;0&quot;,&quot;title&quot;:&quot;&quot;,&quot;orientation&quot;:&quot;0&quot;}\" data-image-title=\"TournamentSoftwareLogo\" data-image-description=\"\" data-image-caption=\"\" data-medium-file=\"https:\/\/i2.wp.com\/www.fsl.lu\/wp-content\/uploads\/2013\/11\/TournamentSoftwareLogo.jpg?fit=94%2C24&amp;ssl=1\" data-large-file=\"https:\/\/i2.wp.com\/www.fsl.lu\/wp-content\/uploads\/2013\/11\/TournamentSoftwareLogo.jpg?fit=94%2C24&amp;ssl=1\" loading=\"lazy\" class=\" size-full wp-image-629\" src=\"https:\/\/i2.wp.com\/fsl.lu\/wp-content\/uploads\/2013\/11\/TournamentSoftwareLogo.jpg?resize=94%2C24\" alt=\"\" width=\"94\" height=\"24\"  data-recalc-dims=\"1\"><\/a><\/p>\n<p><a href=\"\" rel=\"attachment wp-att-4258\"><img data-attachment-id=\"4258\" data-permalink=\"https:\/\/www.fsl.lu\/index.php\/2022\/01\/03\/the-clubs-open-2022\/champ_fed_2022\/\" data-orig-file=\"https:\/\/i0.wp.com\/www.fsl.lu\/wp-content\/uploads\/2022\/01\/CHAMP_FED_2022.jpeg?fit=578%2C818&amp;ssl=1\" data-orig-size=\"578,818\" data-comments-opened=\"1\" data-image-meta=\"{&quot;aperture&quot;:&quot;0&quot;,&quot;credit&quot;:&quot;&quot;,&quot;camera&quot;:&quot;&quot;,&quot;caption&quot;:&quot;&quot;,&quot;created_timestamp&quot;:&quot;0&quot;,&quot;copyright&quot;:&quot;&quot;,&quot;focal_length&quot;:&quot;0&quot;,&quot;iso&quot;:&quot;0&quot;,&quot;shutter_speed&quot;:&quot;0&quot;,&quot;title&quot;:&quot;&quot;,&quot;orientation&quot;:&quot;0&quot;}\" data-image-title=\"CHAMP_FED_2022\" data-image-description=\"\" data-image-caption=\"\" data-medium-file=\"https:\/\/i0.wp.com\/www.fsl.lu\/wp-content\/uploads\/2022\/01\/CHAMP_FED_2022.jpeg?fit=212%2C300&amp;ssl=1\" data-large-file=\"https:\/\/i0.wp.com\/www.fsl.lu\/wp-content\/uploads\/2022\/01\/CHAMP_FED_2022.jpeg?fit=578%2C818&amp;ssl=1\" loading=\"lazy\" class=\"alignnone  wp-image-4258\" src=\"https:\/\/i0.wp.com\/www.fsl.lu\/wp-content\/uploads\/2022\/01\/CHAMP_FED_2022.jpeg?resize=300%2C425&#038;ssl=1\" alt=\"\" width=\"300\" height=\"425\" srcset=\"https:\/\/i0.wp.com\/www.fsl.lu\/wp-content\/uploads\/2022\/01\/CHAMP_FED_2022.jpeg?w=578&amp;ssl=1 578w, https:\/\/i0.wp.com\/www.fsl.lu\/wp-content\/uploads\/2022\/01\/CHAMP_FED_2022.jpeg?resize=212%2C300&amp;ssl=1 212w\" sizes=\"(max-width: 300px) 100vw, 300px\" data-recalc-dims=\"1\" \/><\/a><\/p>\n<p><!-- \/wp:tadv\/classic-paragraph --><\/p>\n","protected":false},"excerpt":{"rendered":"","protected":false},"author":3,"featured_media":0,"comment_status":"open","ping_status":"open","sticky":true,"template":"","format":"standard","meta":{"ngg_post_thumbnail":0,"spay_email":"","jetpack_publicize_message":"","jetpack_is_tweetstorm":false},"categories":[9,51],"tags":[],"jetpack_featured_media_url":"","jetpack_publicize_connections":[],"jetpack_sharing_enabled":true,"jetpack_shortlink":"https:\/\/wp.me\/p9222d-16H","jetpack-related-posts":[{"id":4859,"url":"https:\/\/www.fsl.lu\/index.php\/2023\/02\/02\/championnat-individuel-federal-2023\/","url_meta":{"origin":4259,"position":0},"title":"Championnat individuel f\u00e9d\u00e9ral 2023","date":"February 2, 2023","format":false,"excerpt":"","rel":"","context":"In &quot;News&quot;","img":{"alt_text":"","src":"https:\/\/i2.wp.com\/www.fsl.lu\/wp-content\/uploads\/2023\/01\/CHAMP_FED_2023.jpg?resize=350%2C200&ssl=1","width":350,"height":200},"classes":[]},{"id":6274,"url":"https:\/\/www.fsl.lu\/index.php\/2025\/09\/29\/championnat-federal-individuel-seniors-2025\/","url_meta":{"origin":4259,"position":1},"title":"Championnat F\u00e9d\u00e9ral Individuel Seniors 2025","date":"September 29, 2025","format":false,"excerpt":"","rel":"","context":"In &quot;Ladies&quot;","img":{"alt_text":"","src":"","width":0,"height":0},"classes":[]},{"id":4406,"url":"https:\/\/www.fsl.lu\/index.php\/2022\/05\/14\/championnat-individuel-national-2022\/","url_meta":{"origin":4259,"position":2},"title":"Championnat individuel national 2022","date":"May 14, 2022","format":false,"excerpt":"","rel":"","context":"In &quot;Calendar&quot;","img":{"alt_text":"","src":"https:\/\/i1.wp.com\/www.fsl.lu\/wp-content\/uploads\/2022\/05\/CHAMP_NAT_2022.jpg?resize=350%2C200&ssl=1","width":350,"height":200},"classes":[]},{"id":3618,"url":"https:\/\/www.fsl.lu\/index.php\/2020\/01\/21\/championnat-national-federal-individuel-2020\/","url_meta":{"origin":4259,"position":3},"title":"Championnat national &amp; f\u00e9d\u00e9ral individuel 2020","date":"January 21, 2020","format":false,"excerpt":"\u00a0 \u00a0 De gauche \u00e0 droite: Iulia Bucur (championne nationale et f\u00e9d\u00e9rale), Mark Radley (champion national et f\u00e9d\u00e9ral), Amir Samimi (champion BU17), Adriano Bidoli (Pr\u00e9sident FSL), Eli Ruiz-Kaiser (championne GU17) et Adriano Bidoli. S\u00e9niors \u00a0\u00a0 \u00a0Juniors","rel":"","context":"In &quot;Juniors&quot;","img":{"alt_text":"","src":"https:\/\/i2.wp.com\/www.fsl.lu\/wp-content\/uploads\/2020\/01\/FSL2020-Pic3.jpg?resize=350%2C200&ssl=1","width":350,"height":200},"classes":[]},{"id":2655,"url":"https:\/\/www.fsl.lu\/index.php\/2019\/01\/21\/championnat-national-individuel-2019\/","url_meta":{"origin":4259,"position":4},"title":"Championnat national & f\u00e9d\u00e9ral individuel 2019","date":"January 21, 2019","format":false,"excerpt":"Le championnat national et f\u00e9d\u00e9ral individuel 2019 a eu lieu le 1 et 2 f\u00e9vrier au CK Sportcenter \u00e0 Kockelscheuer. Avec 61 joueurs inscrits et un niveau tr\u00e8s \u00e9lev\u00e9, le tournoi fut un grand succ\u00e8s. F\u00e9licitations aux championnes et champions des diff\u00e9rentes cat\u00e9gories: Cliquez ici pour tous les r\u00e9sultats:","rel":"","context":"In &quot;Juniors&quot;","img":{"alt_text":"","src":"https:\/\/i1.wp.com\/fsl.lu\/wp-content\/uploads\/2019\/01\/FSLNatFedIndRes2019.jpg?resize=350%2C200","width":350,"height":200},"classes":[]},{"id":5394,"url":"https:\/\/www.fsl.lu\/index.php\/2024\/01\/20\/championnat-federal-2024\/","url_meta":{"origin":4259,"position":5},"title":"Championnat f\u00e9d\u00e9ral individuel 2024","date":"January 20, 2024","format":false,"excerpt":"","rel":"","context":"In &quot;Ladies&quot;","img":{"alt_text":"","src":"https:\/\/i0.wp.com\/www.fsl.lu\/wp-content\/uploads\/2024\/01\/FED2024_poster.jpg?resize=350%2C200&ssl=1","width":350,"height":200},"classes":[]}],"jetpack_likes_enabled":true,"_links":{"self":[{"href":"https:\/\/www.fsl.lu\/index.php\/wp-json\/wp\/v2\/posts\/4259"}],"collection":[{"href":"https:\/\/www.fsl.lu\/index.php\/wp-json\/wp\/v2\/posts"}],"about":[{"href":"https:\/\/www.fsl.lu\/index.php\/wp-json\/wp\/v2\/types\/post"}],"author":[{"embeddable":true,"href":"https:\/\/www.fsl.lu\/index.php\/wp-json\/wp\/v2\/users\/3"}],"replies":[{"embeddable":true,"href":"https:\/\/www.fsl.lu\/index.php\/wp-json\/wp\/v2\/comments?post=4259"}],"version-history":[{"count":22,"href":"https:\/\/www.fsl.lu\/index.php\/wp-json\/wp\/v2\/posts\/4259\/revisions"}],"predecessor-version":[{"id":4345,"href":"https:\/\/www.fsl.lu\/index.php\/wp-json\/wp\/v2\/posts\/4259\/revisions\/4345"}],"wp:attachment":[{"href":"https:\/\/www.fsl.lu\/index.php\/wp-json\/wp\/v2\/media?parent=4259"}],"wp:term":[{"taxonomy":"category","embeddable":true,"href":"https:\/\/www.fsl.lu\/index.php\/wp-json\/wp\/v2\/categories?post=4259"},{"taxonomy":"post_tag","embeddable":true,"href":"https:\/\/www.fsl.lu\/index.php\/wp-json\/wp\/v2\/tags?post=4259"}],"curies":[{"name":"wp","href":"https:\/\/api.w.org\/{rel}","templated":true}]}}