{"id":4638,"date":"2022-09-30T17:03:21","date_gmt":"2022-09-30T17:03:21","guid":{"rendered":"https:\/\/www.fsl.lu\/?p=4638"},"modified":"2022-09-30T17:03:21","modified_gmt":"2022-09-30T17:03:21","slug":"prix-dexcellence-for-raphael","status":"publish","type":"post","link":"https:\/\/www.fsl.lu\/index.php\/2022\/09\/30\/prix-dexcellence-for-raphael\/","title":{"rendered":"Prix d&#8217;excellence for Raphael !"},"content":{"rendered":"<p>What a moment! Yesterday, Raphael was one of three students to receive the &#8220;Prix d&#8217;excellence&#8221; from the Sport Lycee. This prize is given to students in recognition for his engagement in the so-called &#8220;Dual Career&#8221;, Education &amp; Squash! We hope you all join us in congratulating him and wishing hime the best for both his excellent education and athletic demonstrations. Well done!!<\/p>\n<p><img data-attachment-id=\"4639\" data-permalink=\"https:\/\/www.fsl.lu\/index.php\/2022\/09\/30\/prix-dexcellence-for-raphael\/307947281_532640572199180_7803739729095075661_n\/\" data-orig-file=\"https:\/\/i1.wp.com\/www.fsl.lu\/wp-content\/uploads\/2022\/09\/307947281_532640572199180_7803739729095075661_n.jpeg?fit=1600%2C1200&amp;ssl=1\" data-orig-size=\"1600,1200\" data-comments-opened=\"1\" data-image-meta=\"{&quot;aperture&quot;:&quot;0&quot;,&quot;credit&quot;:&quot;&quot;,&quot;camera&quot;:&quot;&quot;,&quot;caption&quot;:&quot;&quot;,&quot;created_timestamp&quot;:&quot;0&quot;,&quot;copyright&quot;:&quot;&quot;,&quot;focal_length&quot;:&quot;0&quot;,&quot;iso&quot;:&quot;0&quot;,&quot;shutter_speed&quot;:&quot;0&quot;,&quot;title&quot;:&quot;&quot;,&quot;orientation&quot;:&quot;0&quot;}\" data-image-title=\"307947281_532640572199180_7803739729095075661_n\" data-image-description=\"\" data-image-caption=\"\" data-medium-file=\"https:\/\/i1.wp.com\/www.fsl.lu\/wp-content\/uploads\/2022\/09\/307947281_532640572199180_7803739729095075661_n.jpeg?fit=300%2C225&amp;ssl=1\" data-large-file=\"https:\/\/i1.wp.com\/www.fsl.lu\/wp-content\/uploads\/2022\/09\/307947281_532640572199180_7803739729095075661_n.jpeg?fit=900%2C675&amp;ssl=1\" loading=\"lazy\" class=\"size-medium wp-image-4639 alignleft\" src=\"https:\/\/i1.wp.com\/www.fsl.lu\/wp-content\/uploads\/2022\/09\/307947281_532640572199180_7803739729095075661_n.jpeg?resize=300%2C225&#038;ssl=1\" alt=\"\" width=\"300\" height=\"225\" srcset=\"https:\/\/i1.wp.com\/www.fsl.lu\/wp-content\/uploads\/2022\/09\/307947281_532640572199180_7803739729095075661_n.jpeg?resize=300%2C225&amp;ssl=1 300w, https:\/\/i1.wp.com\/www.fsl.lu\/wp-content\/uploads\/2022\/09\/307947281_532640572199180_7803739729095075661_n.jpeg?resize=1024%2C768&amp;ssl=1 1024w, https:\/\/i1.wp.com\/www.fsl.lu\/wp-content\/uploads\/2022\/09\/307947281_532640572199180_7803739729095075661_n.jpeg?resize=768%2C576&amp;ssl=1 768w, https:\/\/i1.wp.com\/www.fsl.lu\/wp-content\/uploads\/2022\/09\/307947281_532640572199180_7803739729095075661_n.jpeg?resize=1536%2C1152&amp;ssl=1 1536w, https:\/\/i1.wp.com\/www.fsl.lu\/wp-content\/uploads\/2022\/09\/307947281_532640572199180_7803739729095075661_n.jpeg?w=1600&amp;ssl=1 1600w\" sizes=\"(max-width: 300px) 100vw, 300px\" data-recalc-dims=\"1\" \/> <img data-attachment-id=\"4640\" data-permalink=\"https:\/\/www.fsl.lu\/index.php\/2022\/09\/30\/prix-dexcellence-for-raphael\/310186252_532640585532512_7744700309789166079_n\/\" data-orig-file=\"https:\/\/i2.wp.com\/www.fsl.lu\/wp-content\/uploads\/2022\/09\/310186252_532640585532512_7744700309789166079_n.jpeg?fit=2016%2C1512&amp;ssl=1\" data-orig-size=\"2016,1512\" data-comments-opened=\"1\" data-image-meta=\"{&quot;aperture&quot;:&quot;0&quot;,&quot;credit&quot;:&quot;&quot;,&quot;camera&quot;:&quot;&quot;,&quot;caption&quot;:&quot;&quot;,&quot;created_timestamp&quot;:&quot;0&quot;,&quot;copyright&quot;:&quot;&quot;,&quot;focal_length&quot;:&quot;0&quot;,&quot;iso&quot;:&quot;0&quot;,&quot;shutter_speed&quot;:&quot;0&quot;,&quot;title&quot;:&quot;&quot;,&quot;orientation&quot;:&quot;0&quot;}\" data-image-title=\"310186252_532640585532512_7744700309789166079_n\" data-image-description=\"\" data-image-caption=\"\" data-medium-file=\"https:\/\/i2.wp.com\/www.fsl.lu\/wp-content\/uploads\/2022\/09\/310186252_532640585532512_7744700309789166079_n.jpeg?fit=300%2C225&amp;ssl=1\" data-large-file=\"https:\/\/i2.wp.com\/www.fsl.lu\/wp-content\/uploads\/2022\/09\/310186252_532640585532512_7744700309789166079_n.jpeg?fit=900%2C675&amp;ssl=1\" loading=\"lazy\" class=\"size-medium wp-image-4640 alignleft\" src=\"https:\/\/i2.wp.com\/www.fsl.lu\/wp-content\/uploads\/2022\/09\/310186252_532640585532512_7744700309789166079_n.jpeg?resize=300%2C225&#038;ssl=1\" alt=\"\" width=\"300\" height=\"225\" srcset=\"https:\/\/i2.wp.com\/www.fsl.lu\/wp-content\/uploads\/2022\/09\/310186252_532640585532512_7744700309789166079_n.jpeg?resize=300%2C225&amp;ssl=1 300w, https:\/\/i2.wp.com\/www.fsl.lu\/wp-content\/uploads\/2022\/09\/310186252_532640585532512_7744700309789166079_n.jpeg?resize=1024%2C768&amp;ssl=1 1024w, https:\/\/i2.wp.com\/www.fsl.lu\/wp-content\/uploads\/2022\/09\/310186252_532640585532512_7744700309789166079_n.jpeg?resize=768%2C576&amp;ssl=1 768w, https:\/\/i2.wp.com\/www.fsl.lu\/wp-content\/uploads\/2022\/09\/310186252_532640585532512_7744700309789166079_n.jpeg?resize=1536%2C1152&amp;ssl=1 1536w, https:\/\/i2.wp.com\/www.fsl.lu\/wp-content\/uploads\/2022\/09\/310186252_532640585532512_7744700309789166079_n.jpeg?w=2016&amp;ssl=1 2016w, https:\/\/i2.wp.com\/www.fsl.lu\/wp-content\/uploads\/2022\/09\/310186252_532640585532512_7744700309789166079_n.jpeg?w=1800&amp;ssl=1 1800w\" sizes=\"(max-width: 300px) 100vw, 300px\" data-recalc-dims=\"1\" \/><\/p>\n","protected":false},"excerpt":{"rendered":"<p>What a moment! Yesterday, Raphael was one of three students to receive the &#8220;Prix d&#8217;excellence&#8221; from the Sport Lycee. This prize is given to students in recognition for his engagement in the so-called &#8220;Dual Career&#8221;, Education &amp; Squash! We hope you all join us in congratulating him and wishing hime the best for both his excellent education and athletic demonstrations. Well done!!<\/p>\n","protected":false},"author":6,"featured_media":0,"comment_status":"open","ping_status":"open","sticky":true,"template":"","format":"standard","meta":{"ngg_post_thumbnail":0,"spay_email":"","jetpack_publicize_message":"","jetpack_is_tweetstorm":false},"categories":[1],"tags":[],"jetpack_featured_media_url":"","jetpack_publicize_connections":[],"jetpack_sharing_enabled":true,"jetpack_shortlink":"https:\/\/wp.me\/p9222d-1cO","jetpack-related-posts":[{"id":4566,"url":"https:\/\/www.fsl.lu\/index.php\/2022\/08\/30\/wsf-world-juniors-and-masters-squash-events-august-2022\/","url_meta":{"origin":4638,"position":0},"title":"WSF World Juniors and Masters Squash Events August 2022.","date":"August 30, 2022","format":false,"excerpt":"August is coming to an end with some national squash highlights to report: This years World Juniors Tournament saw our young National Player Rapha\u00ebl Magron step up to the challenge during the 6 day event in Nancy, France. We wish him a huge congratulations for his great performance, especially for\u2026","rel":"","context":"In &quot;Juniors&quot;","img":{"alt_text":"","src":"https:\/\/i2.wp.com\/www.fsl.lu\/wp-content\/uploads\/2022\/08\/DSC06607-300x200.jpg?resize=350%2C200&ssl=1","width":350,"height":200},"classes":[]},{"id":4944,"url":"https:\/\/www.fsl.lu\/index.php\/2023\/03\/01\/etc3-2023-in-gibraltar-player-selection\/","url_meta":{"origin":4638,"position":1},"title":"ETC3 2023 in Gibraltar - Player selection","date":"March 1, 2023","format":false,"excerpt":"We are pleased to announce this years player selection for the ETC3 2023! Congratulations! Women's team: Sandra Denis Fran\u00e7oise Donven St\u00e9phanie Demuth Mich\u00e8le Meyer Dolunay Soykan (non-travelling reserve) Men's team: Amir Samimi Mark Radley Daniel Hutchines Kyllian Hebbelinck Rapha\u00ebl Magron Guillaume Plancke (non-travelling reserve) \u00a0The event will be taking place\u2026","rel":"","context":"Similar post","img":{"alt_text":"","src":"","width":0,"height":0},"classes":[]},{"id":970,"url":"https:\/\/www.fsl.lu\/index.php\/2017\/04\/23\/ljo2017-2\/","url_meta":{"origin":4638,"position":2},"title":"LJO 2017","date":"April 23, 2017","format":false,"excerpt":"Luxembourg Junior Open 2017 click here for the tournamentsoftware site with all results click here for the official tournament page click here for the Facebook site with many pictures Final day: The last day of the LJO 2017 saw some fine performances once again from the FSL National Junior Selection,\u2026","rel":"","context":"In &quot;Juniors&quot;","img":{"alt_text":"","src":"https:\/\/i1.wp.com\/fsl.lu\/wp-content\/uploads\/2017\/03\/LJOsponsors.jpg?resize=350%2C200","width":350,"height":200},"classes":[]},{"id":2104,"url":"https:\/\/www.fsl.lu\/index.php\/2018\/05\/13\/european-u15-u17-junior-squashteam-championships\/","url_meta":{"origin":4638,"position":3},"title":"European U15 & U17 Junior SquashTeam Championships","date":"May 13, 2018","format":false,"excerpt":"The Luxembourg National Junior Teams U15 and U17 travelled to Malmo, Sweden for the European Team Championships U15\/U17. The Team Managers were Jordi Ruiz-Kaiser and C\u00e9line Ancelet-David, with the National Coach Mark Andrew Burke rounding out the management of the team. The trip was very easy, flight to Copenhagen and\u2026","rel":"","context":"In &quot;ETC2018&quot;","img":{"alt_text":"","src":"https:\/\/i1.wp.com\/fsl.lu\/wp-content\/uploads\/2018\/05\/Screen-Shot-2018-05-20-at-19.51.33.png?resize=350%2C200","width":350,"height":200},"classes":[]},{"id":473,"url":"https:\/\/www.fsl.lu\/index.php\/2012\/06\/04\/prix-individuels-sur-la-saison-20112012\/","url_meta":{"origin":4638,"position":4},"title":"Prix individuels sur la saison 2011\/2012","date":"June 4, 2012","format":false,"excerpt":"Tous les ans, la FSL honore 4 joueurs pour leurs performances durant la saison. Most improved ranking position: Arnaud Thielens (Arlon) qui est pass\u00e9 de D1+3 \u00e0 C1-2, soit +23 pts de ranking ! Best match performance: Oliver Johnson (C2+1 EIB) +5 points qui a battu\u00a0Nha Nguyen (B1-4 Ettelbr\u00fcck) Most\u2026","rel":"","context":"In &quot;News&quot;","img":{"alt_text":"","src":"","width":0,"height":0},"classes":[]},{"id":6189,"url":"https:\/\/www.fsl.lu\/index.php\/2025\/08\/25\/new-national-technical-director-and-national-coach\/","url_meta":{"origin":4638,"position":5},"title":"New National Technical Director and National Coach","date":"August 25, 2025","format":false,"excerpt":"The FSL Conseil d\u2019Administration is thrilled to announce that the new season will start with both a new National Technical Director (DTN) and a new National Coach. We are beyond grateful to have the opportunity to employ permanently a professional whose aim will be to elevate squash environment, infrastructure, focusing\u2026","rel":"","context":"In &quot;Juniors&quot;","img":{"alt_text":"","src":"https:\/\/i0.wp.com\/www.fsl.lu\/wp-content\/uploads\/2025\/08\/NiinimakiHC.jpg?resize=350%2C200&ssl=1","width":350,"height":200},"classes":[]}],"jetpack_likes_enabled":true,"_links":{"self":[{"href":"https:\/\/www.fsl.lu\/index.php\/wp-json\/wp\/v2\/posts\/4638"}],"collection":[{"href":"https:\/\/www.fsl.lu\/index.php\/wp-json\/wp\/v2\/posts"}],"about":[{"href":"https:\/\/www.fsl.lu\/index.php\/wp-json\/wp\/v2\/types\/post"}],"author":[{"embeddable":true,"href":"https:\/\/www.fsl.lu\/index.php\/wp-json\/wp\/v2\/users\/6"}],"replies":[{"embeddable":true,"href":"https:\/\/www.fsl.lu\/index.php\/wp-json\/wp\/v2\/comments?post=4638"}],"version-history":[{"count":1,"href":"https:\/\/www.fsl.lu\/index.php\/wp-json\/wp\/v2\/posts\/4638\/revisions"}],"predecessor-version":[{"id":4641,"href":"https:\/\/www.fsl.lu\/index.php\/wp-json\/wp\/v2\/posts\/4638\/revisions\/4641"}],"wp:attachment":[{"href":"https:\/\/www.fsl.lu\/index.php\/wp-json\/wp\/v2\/media?parent=4638"}],"wp:term":[{"taxonomy":"category","embeddable":true,"href":"https:\/\/www.fsl.lu\/index.php\/wp-json\/wp\/v2\/categories?post=4638"},{"taxonomy":"post_tag","embeddable":true,"href":"https:\/\/www.fsl.lu\/index.php\/wp-json\/wp\/v2\/tags?post=4638"}],"curies":[{"name":"wp","href":"https:\/\/api.w.org\/{rel}","templated":true}]}}