{"id":5136,"date":"2023-08-24T08:02:08","date_gmt":"2023-08-24T08:02:08","guid":{"rendered":"https:\/\/www.fsl.lu\/?p=5136"},"modified":"2024-01-11T08:42:30","modified_gmt":"2024-01-11T08:42:30","slug":"journee-portes-ouvertes-sfsl","status":"publish","type":"post","link":"https:\/\/www.fsl.lu\/index.php\/2023\/08\/24\/journee-portes-ouvertes-sfsl\/","title":{"rendered":"Journ\u00e9e portes ouvertes SFSL"},"content":{"rendered":"<p><a href=\"https:\/\/www.fsl.lu\/?attachment_id=5137\" rel=\"attachment wp-att-5137\"><img data-attachment-id=\"5137\" data-permalink=\"https:\/\/www.fsl.lu\/index.php\/2023\/08\/24\/journee-portes-ouvertes-sfsl\/schengenpo2023\/\" data-orig-file=\"https:\/\/i2.wp.com\/www.fsl.lu\/wp-content\/uploads\/2023\/08\/SchengenPO2023.jpg?fit=1414%2C2000&amp;ssl=1\" data-orig-size=\"1414,2000\" data-comments-opened=\"1\" data-image-meta=\"{&quot;aperture&quot;:&quot;0&quot;,&quot;credit&quot;:&quot;&quot;,&quot;camera&quot;:&quot;&quot;,&quot;caption&quot;:&quot;&quot;,&quot;created_timestamp&quot;:&quot;0&quot;,&quot;copyright&quot;:&quot;&quot;,&quot;focal_length&quot;:&quot;0&quot;,&quot;iso&quot;:&quot;0&quot;,&quot;shutter_speed&quot;:&quot;0&quot;,&quot;title&quot;:&quot;&quot;,&quot;orientation&quot;:&quot;0&quot;}\" data-image-title=\"SchengenPO2023\" data-image-description=\"\" data-image-caption=\"\" data-medium-file=\"https:\/\/i2.wp.com\/www.fsl.lu\/wp-content\/uploads\/2023\/08\/SchengenPO2023.jpg?fit=212%2C300&amp;ssl=1\" data-large-file=\"https:\/\/i2.wp.com\/www.fsl.lu\/wp-content\/uploads\/2023\/08\/SchengenPO2023.jpg?fit=724%2C1024&amp;ssl=1\" loading=\"lazy\" class=\"alignnone  wp-image-5137\" src=\"https:\/\/i2.wp.com\/www.fsl.lu\/wp-content\/uploads\/2023\/08\/SchengenPO2023.jpg?resize=300%2C424&#038;ssl=1\" alt=\"\" width=\"300\" height=\"424\" srcset=\"https:\/\/i2.wp.com\/www.fsl.lu\/wp-content\/uploads\/2023\/08\/SchengenPO2023.jpg?w=1414&amp;ssl=1 1414w, https:\/\/i2.wp.com\/www.fsl.lu\/wp-content\/uploads\/2023\/08\/SchengenPO2023.jpg?resize=212%2C300&amp;ssl=1 212w, https:\/\/i2.wp.com\/www.fsl.lu\/wp-content\/uploads\/2023\/08\/SchengenPO2023.jpg?resize=724%2C1024&amp;ssl=1 724w, https:\/\/i2.wp.com\/www.fsl.lu\/wp-content\/uploads\/2023\/08\/SchengenPO2023.jpg?resize=768%2C1086&amp;ssl=1 768w, https:\/\/i2.wp.com\/www.fsl.lu\/wp-content\/uploads\/2023\/08\/SchengenPO2023.jpg?resize=1086%2C1536&amp;ssl=1 1086w\" sizes=\"(max-width: 300px) 100vw, 300px\" data-recalc-dims=\"1\" \/><\/a><\/p>\n","protected":false},"excerpt":{"rendered":"","protected":false},"author":3,"featured_media":0,"comment_status":"open","ping_status":"open","sticky":true,"template":"","format":"standard","meta":{"ngg_post_thumbnail":0,"spay_email":"","jetpack_publicize_message":"","jetpack_is_tweetstorm":false},"categories":[9],"tags":[],"jetpack_featured_media_url":"","jetpack_publicize_connections":[],"jetpack_sharing_enabled":true,"jetpack_shortlink":"https:\/\/wp.me\/p9222d-1kQ","jetpack-related-posts":[{"id":5988,"url":"https:\/\/www.fsl.lu\/index.php\/2025\/02\/17\/journee-squash-pour-televie-avec-sfsl\/","url_meta":{"origin":5136,"position":0},"title":"Journ\u00e9e Squash pour T\u00e9l\u00e9vie avec SFSL","date":"February 17, 2025","format":false,"excerpt":"","rel":"","context":"In &quot;News&quot;","img":{"alt_text":"","src":"https:\/\/i1.wp.com\/www.fsl.lu\/wp-content\/uploads\/2025\/02\/SFSLTelevie2025.jpg?resize=350%2C200&ssl=1","width":350,"height":200},"classes":[]},{"id":5387,"url":"https:\/\/www.fsl.lu\/index.php\/2024\/01\/17\/report-de-la-journee-de-championnat-par-equipes-du-17-01-2024\/","url_meta":{"origin":5136,"position":1},"title":"Report de la journ\u00e9e de championnat par \u00e9quipes du 17-01-2024","date":"January 17, 2024","format":false,"excerpt":"La journ\u00e9e de championnat pr\u00e9vue le 17 janvier 2024 a \u00e9t\u00e9 report\u00e9e au mercredi 22 mai 2024.","rel":"","context":"In &quot;News&quot;","img":{"alt_text":"","src":"","width":0,"height":0},"classes":[]},{"id":6431,"url":"https:\/\/www.fsl.lu\/index.php\/2026\/01\/07\/report-de-la-journee-de-championnat-du-7-janvier-2026\/","url_meta":{"origin":5136,"position":2},"title":"Report de la journ\u00e9e de championnat du 7 janvier 2026","date":"January 7, 2026","format":false,"excerpt":"En raison de l'alerte m\u00e9t\u00e9o pr\u00e9vue aujourd'hui sur l'ensemble du pays, la commission technique a d\u00e9cid\u00e9 de reporter la journ\u00e9e de championnat au mercredi 28 janvier.","rel":"","context":"In &quot;News&quot;","img":{"alt_text":"","src":"","width":0,"height":0},"classes":[]},{"id":3749,"url":"https:\/\/www.fsl.lu\/index.php\/2020\/04\/09\/fin-du-championnat-par-equipes-mixte\/","url_meta":{"origin":5136,"position":3},"title":"Fin du championnat par \u00e9quipes mixte","date":"April 9, 2020","format":false,"excerpt":"Les mesures de confinement \u00e9tant prolong\u00e9es, il n'est maintenant malheureusement plus possible de terminer le championnat par \u00e9quipes mixte avant l'\u00e9t\u00e9. En cons\u00e9quence le Conseil d'Administration de la FSL a d\u00e9cid\u00e9 d'arr\u00eater le classement \u00e0 la journ\u00e9e 6 pour la division Champion (cycle complet aller\/retour) et \u00e0 la journ\u00e9e 5\u2026","rel":"","context":"In &quot;Calendar&quot;","img":{"alt_text":"","src":"https:\/\/i2.wp.com\/www.fsl.lu\/wp-content\/uploads\/2020\/04\/Classement2019-2020-Final.jpg?resize=350%2C200&ssl=1","width":350,"height":200},"classes":[]},{"id":4516,"url":"https:\/\/www.fsl.lu\/index.php\/2022\/08\/18\/demarrage-de-la-saison-2022-2023\/","url_meta":{"origin":5136,"position":4},"title":"D\u00e9marrage de la saison 2022-2023","date":"August 18, 2022","format":false,"excerpt":"Coupe : 1er tour le 21 septembre 2022 Championnat : 1\u00e8re journ\u00e9e le 28 septembre 2022 30 septembre et 1er octobre : Open de P\u00e9tange","rel":"","context":"In &quot;Calendar&quot;","img":{"alt_text":"","src":"","width":0,"height":0},"classes":[]},{"id":4592,"url":"https:\/\/www.fsl.lu\/index.php\/2022\/09\/14\/european-club-championship-2022-jour-1\/","url_meta":{"origin":5136,"position":5},"title":"European Club Championship 2022 - Jour 1","date":"September 14, 2022","format":false,"excerpt":"Les 2 \u00e9quipes qui repr\u00e9sentent le Luxembourg cette ann\u00e9e au championnat d'Europe des clubs ont d\u00e9marr\u00e9 la comp\u00e9tition aujourd'hui. Chez les hommes G Squash a commenc\u00e9 la comp\u00e9tition contre les italiens de \"New Squash Club Catania\" avec une d\u00e9faite logique 3-1. Ensuite les femmes de Sandweiler ont rencontr\u00e9 les anglaises\u2026","rel":"","context":"In &quot;European Events&quot;","img":{"alt_text":"","src":"https:\/\/i1.wp.com\/www.fsl.lu\/wp-content\/uploads\/2022\/09\/te\u00cc\u0081le\u00cc\u0081chargement-1.jpeg?resize=350%2C200&ssl=1","width":350,"height":200},"classes":[]}],"jetpack_likes_enabled":true,"_links":{"self":[{"href":"https:\/\/www.fsl.lu\/index.php\/wp-json\/wp\/v2\/posts\/5136"}],"collection":[{"href":"https:\/\/www.fsl.lu\/index.php\/wp-json\/wp\/v2\/posts"}],"about":[{"href":"https:\/\/www.fsl.lu\/index.php\/wp-json\/wp\/v2\/types\/post"}],"author":[{"embeddable":true,"href":"https:\/\/www.fsl.lu\/index.php\/wp-json\/wp\/v2\/users\/3"}],"replies":[{"embeddable":true,"href":"https:\/\/www.fsl.lu\/index.php\/wp-json\/wp\/v2\/comments?post=5136"}],"version-history":[{"count":2,"href":"https:\/\/www.fsl.lu\/index.php\/wp-json\/wp\/v2\/posts\/5136\/revisions"}],"predecessor-version":[{"id":5380,"href":"https:\/\/www.fsl.lu\/index.php\/wp-json\/wp\/v2\/posts\/5136\/revisions\/5380"}],"wp:attachment":[{"href":"https:\/\/www.fsl.lu\/index.php\/wp-json\/wp\/v2\/media?parent=5136"}],"wp:term":[{"taxonomy":"category","embeddable":true,"href":"https:\/\/www.fsl.lu\/index.php\/wp-json\/wp\/v2\/categories?post=5136"},{"taxonomy":"post_tag","embeddable":true,"href":"https:\/\/www.fsl.lu\/index.php\/wp-json\/wp\/v2\/tags?post=5136"}],"curies":[{"name":"wp","href":"https:\/\/api.w.org\/{rel}","templated":true}]}}