{"id":531,"date":"2012-11-07T14:24:05","date_gmt":"2012-11-07T14:24:05","guid":{"rendered":"http:\/\/fsl.lu\/index.php\/2012\/11\/07\/assemblee-generale-ordinaire-2012\/"},"modified":"2012-11-07T14:24:05","modified_gmt":"2012-11-07T14:24:05","slug":"assemblee-generale-ordinaire-2012","status":"publish","type":"post","link":"https:\/\/www.fsl.lu\/index.php\/2012\/11\/07\/assemblee-generale-ordinaire-2012\/","title":{"rendered":"Rapports des r\u00e9unions du Conseil d&#8217;Administration"},"content":{"rendered":"<ul>\n<li> \t\t<a href=\"http:\/\/fsl.lu\/wp-content\/uploads\/2012\/11\/FSL_CA_20150507.pdf\" target=\"_blank\">R\u00e9union du 7 mai 2015<\/a><\/li>\n<li> \t\t<a href=\"http:\/\/fsl.lu\/wp-content\/uploads\/2012\/11\/FSL_CA_20150305.pdf\" target=\"_blank\">R\u00e9union du 5 mars 2015<\/a><\/li>\n<li> \t\t<a href=\"http:\/\/fsl.lu\/wp-content\/uploads\/2012\/11\/FSL_CA_20150119.pdf\" target=\"_blank\">R\u00e9union du 19 janvier 2015<\/a><\/li>\n<li> \t\t<a href=\"http:\/\/fsl.lu\/wp-content\/uploads\/2012\/11\/FSL_CA_20141216.pdf\" target=\"_blank\">R\u00e9union du 16 d\u00e9cembre 2014<\/a><\/li>\n<li> \t\t<a href=\"http:\/\/fsl.lu\/wp-content\/uploads\/2012\/11\/FSL_CA_20141009.pdf\" target=\"_blank\">R\u00e9union du 9 octobre 2014<\/a><\/li>\n<li> \t\t<a href=\"http:\/\/fsl.lu\/wp-content\/uploads\/2012\/11\/FSL_CA_20140902.pdf\" target=\"_blank\">R\u00e9union du 2 septembre 2014<\/a><\/li>\n<li> \t\t<a href=\"http:\/\/fsl.lu\/wp-content\/uploads\/2012\/11\/FSL_CA_20140722.pdf\" target=\"_blank\">R\u00e9union du 22 juillet 2014<\/a><\/li>\n<li> \t\t<a href=\"http:\/\/fsl.lu\/wp-content\/uploads\/2012\/11\/2014_01_11_CA.pdf\">R\u00e9union du 11 janvier 2014<\/a><\/li>\n<li> \t\t<a href=\"http:\/\/fsl.lu\/wp-content\/uploads\/2012\/11\/2013_11_09_CA.pdf\">R\u00e9union du 9 novembre 2013<\/a><\/li>\n<li> \t\t<a href=\"http:\/\/fsl.lu\/wp-content\/uploads\/2012\/11\/2013_10_10_CA.pdf\">R\u00e9union du 10 octobre 2013<\/a><\/li>\n<li> \t\t<a href=\"http:\/\/fsl.lu\/wp-content\/uploads\/2012\/11\/2013_06_13_AGO.pdf\">R\u00e9union du 13 juin 2013<\/a><\/li>\n<li> \t\t<a href=\"http:\/\/fsl.lu\/wp-content\/uploads\/2012\/11\/2013_06_13_AGO.pdf\">Assembl\u00e9e g\u00e9n\u00e9rale du 12 juin 2013<\/a><\/li>\n<li> \t\t<a href=\"http:\/\/fsl.lu\/wp-content\/uploads\/2012\/11\/2013_05_16_CA.pdf\">R\u00e9union du 16 mai 2013<\/a><\/li>\n<li> \t\t<a href=\"http:\/\/fsl.lu\/wp-content\/uploads\/2012\/11\/FSL_CA_20130320.pdf\" target=\"_blank\">R\u00e9union du 20 mars 2013<\/a><\/li>\n<li> \t\t<a href=\"http:\/\/fsl.lu\/wp-content\/uploads\/2012\/11\/FSL_CA_20130124.pdf\" target=\"_blank\">R\u00e9union du 24 janvier 2013<\/a><\/li>\n<li> \t\t<a href=\"http:\/\/fsl.lu\/wp-content\/uploads\/2012\/11\/2012_11_15_CA.pdf\" target=\"_blank\">R\u00e9union du 15 novembre 2012<\/a><\/li>\n<li> \t\t<a href=\"http:\/\/fsl.lu\/wp-content\/uploads\/2012\/11\/2012_10_01_CA.pdf\" target=\"_blank\">R\u00e9union du 1er octobre 2012<\/a><\/li>\n<li> \t\t<a href=\"http:\/\/fsl.lu\/wp-content\/uploads\/2012\/11\/FSL_proces_verbal_2012rev2.pdf\" target=\"_blank\">Cliquez ici pour lire le rapport de l&#8217;AGO du 11 juin 2012<\/a><\/li>\n<\/ul>\n","protected":false},"excerpt":{"rendered":"<p>R\u00e9union du 7 mai 2015 R\u00e9union du 5 mars 2015 R\u00e9union du 19 janvier 2015 R\u00e9union du 16 d\u00e9cembre 2014 R\u00e9union du 9 octobre 2014 R\u00e9union du 2 septembre 2014 R\u00e9union du 22 juillet 2014 R\u00e9union du 11 janvier 2014 R\u00e9union du 9 novembre 2013 R\u00e9union du 10 octobre 2013 R\u00e9union du 13 juin 2013 Assembl\u00e9e g\u00e9n\u00e9rale du 12 juin 2013 R\u00e9union du 16 mai 2013 R\u00e9union du 20 mars 2013 R\u00e9union du 24 janvier 2013 R\u00e9union du 15 novembre 2012 R\u00e9union du 1er octobre 2012 Cliquez ici pour lire le rapport de l&#8217;AGO du 11 juin 2012<\/p>\n","protected":false},"author":2,"featured_media":0,"comment_status":"open","ping_status":"open","sticky":false,"template":"","format":"standard","meta":{"ngg_post_thumbnail":0,"spay_email":"","jetpack_publicize_message":"","jetpack_is_tweetstorm":false},"categories":[43],"tags":[],"jetpack_featured_media_url":"","jetpack_publicize_connections":[],"jetpack_sharing_enabled":true,"jetpack_shortlink":"https:\/\/wp.me\/p9222d-8z","jetpack-related-posts":[{"id":3803,"url":"https:\/\/www.fsl.lu\/index.php\/2020\/09\/07\/nouveau-conseil-dadministration\/","url_meta":{"origin":531,"position":0},"title":"Nouveau Conseil d'Administration","date":"September 7, 2020","format":false,"excerpt":"Lors de sa premi\u00e8re r\u00e9union, les nouveaux membres du CA ont proc\u00e9d\u00e9 \u00e0 l'\u00e9lection du bureau qui se compose comme suit:","rel":"","context":"In &quot;News&quot;","img":{"alt_text":"","src":"https:\/\/i0.wp.com\/www.fsl.lu\/wp-content\/uploads\/2020\/09\/CA_2020.jpg?resize=350%2C200&ssl=1","width":350,"height":200},"classes":[]},{"id":292,"url":"https:\/\/www.fsl.lu\/index.php\/2010\/09\/20\/debut-du-championnat\/","url_meta":{"origin":531,"position":1},"title":"D\u00e9but du Championnat","date":"September 20, 2010","format":false,"excerpt":"Le championnat d\u00e9butera le mercredi 6 octobre. Les capitaines et pr\u00e9sidents de club recevront une semaine avant l'Annuaire de la F\u00e9d\u00e9ration 2010\/2011 au format PDF (nous n'avons plus la possibilit\u00e9 de l'imprimer gratuitement malheureusement) ainsi que les explications sur le d\u00e9roulement de la saison. Il n'y aura donc pas cette\u2026","rel":"","context":"In &quot;News&quot;","img":{"alt_text":"","src":"","width":0,"height":0},"classes":[]},{"id":579,"url":"https:\/\/www.fsl.lu\/index.php\/2013\/07\/16\/tournaments-2013-2014\/","url_meta":{"origin":531,"position":2},"title":"Tournaments 2013-2014","date":"July 16, 2013","format":false,"excerpt":"Next tournament: SCS End of Season - Sandweiler - 20 et 21 juin 2014 \u00a0Tournoi de P\u00e9tange du 19 au 21 septembre 2013 R\u00e9sultats Arelsquash - 30\u00e8me anniversaire 11 et 12 octobre 2013 \u00a0 Championnat national individuel FSL 8 et 9 novembre 2013 R\u00e9sultats Communities Junior Tournament - Sandweiler \u00a0\u2026","rel":"","context":"In &quot;Calendar&quot;","img":{"alt_text":"","src":"","width":0,"height":0},"classes":[]},{"id":6431,"url":"https:\/\/www.fsl.lu\/index.php\/2026\/01\/07\/report-de-la-journee-de-championnat-du-7-janvier-2026\/","url_meta":{"origin":531,"position":3},"title":"Report de la journ\u00e9e de championnat du 7 janvier 2026","date":"January 7, 2026","format":false,"excerpt":"En raison de l'alerte m\u00e9t\u00e9o pr\u00e9vue aujourd'hui sur l'ensemble du pays, la commission technique a d\u00e9cid\u00e9 de reporter la journ\u00e9e de championnat au mercredi 28 janvier.","rel":"","context":"In &quot;News&quot;","img":{"alt_text":"","src":"","width":0,"height":0},"classes":[]},{"id":5387,"url":"https:\/\/www.fsl.lu\/index.php\/2024\/01\/17\/report-de-la-journee-de-championnat-par-equipes-du-17-01-2024\/","url_meta":{"origin":531,"position":4},"title":"Report de la journ\u00e9e de championnat par \u00e9quipes du 17-01-2024","date":"January 17, 2024","format":false,"excerpt":"La journ\u00e9e de championnat pr\u00e9vue le 17 janvier 2024 a \u00e9t\u00e9 report\u00e9e au mercredi 22 mai 2024.","rel":"","context":"In &quot;News&quot;","img":{"alt_text":"","src":"","width":0,"height":0},"classes":[]},{"id":649,"url":"https:\/\/www.fsl.lu\/index.php\/2014\/01\/18\/prochain-tournoi-ettelbruck-squash-open\/","url_meta":{"origin":531,"position":5},"title":"Ettelbruck Squash Open","date":"January 18, 2014","format":false,"excerpt":"Friday 7 & Saturday 8 February 2014 Ettelbruck (Luxembourg) Hall du Deich","rel":"","context":"In &quot;News&quot;","img":{"alt_text":"","src":"https:\/\/i0.wp.com\/fsl.lu\/wp-content\/uploads\/2014\/01\/logo-tournoi_small.jpg?resize=350%2C200","width":350,"height":200},"classes":[]}],"jetpack_likes_enabled":true,"_links":{"self":[{"href":"https:\/\/www.fsl.lu\/index.php\/wp-json\/wp\/v2\/posts\/531"}],"collection":[{"href":"https:\/\/www.fsl.lu\/index.php\/wp-json\/wp\/v2\/posts"}],"about":[{"href":"https:\/\/www.fsl.lu\/index.php\/wp-json\/wp\/v2\/types\/post"}],"author":[{"embeddable":true,"href":"https:\/\/www.fsl.lu\/index.php\/wp-json\/wp\/v2\/users\/2"}],"replies":[{"embeddable":true,"href":"https:\/\/www.fsl.lu\/index.php\/wp-json\/wp\/v2\/comments?post=531"}],"version-history":[{"count":1,"href":"https:\/\/www.fsl.lu\/index.php\/wp-json\/wp\/v2\/posts\/531\/revisions"}],"predecessor-version":[{"id":4518,"href":"https:\/\/www.fsl.lu\/index.php\/wp-json\/wp\/v2\/posts\/531\/revisions\/4518"}],"wp:attachment":[{"href":"https:\/\/www.fsl.lu\/index.php\/wp-json\/wp\/v2\/media?parent=531"}],"wp:term":[{"taxonomy":"category","embeddable":true,"href":"https:\/\/www.fsl.lu\/index.php\/wp-json\/wp\/v2\/categories?post=531"},{"taxonomy":"post_tag","embeddable":true,"href":"https:\/\/www.fsl.lu\/index.php\/wp-json\/wp\/v2\/tags?post=531"}],"curies":[{"name":"wp","href":"https:\/\/api.w.org\/{rel}","templated":true}]}}