{"id":5387,"date":"2024-01-17T10:43:34","date_gmt":"2024-01-17T10:43:34","guid":{"rendered":"https:\/\/www.fsl.lu\/?p=5387"},"modified":"2024-01-19T14:14:40","modified_gmt":"2024-01-19T14:14:40","slug":"report-de-la-journee-de-championnat-par-equipes-du-17-01-2024","status":"publish","type":"post","link":"https:\/\/www.fsl.lu\/index.php\/2024\/01\/17\/report-de-la-journee-de-championnat-par-equipes-du-17-01-2024\/","title":{"rendered":"Report de la journ\u00e9e de championnat par \u00e9quipes du 17-01-2024"},"content":{"rendered":"<p>La journ\u00e9e de championnat pr\u00e9vue le 17 janvier 2024 a \u00e9t\u00e9 report\u00e9e au <span style=\"color: #ff0000;\"><strong>mercredi 22 mai 2024<\/strong><\/span>.<\/p>\n","protected":false},"excerpt":{"rendered":"<p>La journ\u00e9e de championnat pr\u00e9vue le 17 janvier 2024 a \u00e9t\u00e9 report\u00e9e au mercredi 22 mai 2024.<\/p>\n","protected":false},"author":3,"featured_media":0,"comment_status":"open","ping_status":"open","sticky":true,"template":"","format":"standard","meta":{"ngg_post_thumbnail":0,"spay_email":"","jetpack_publicize_message":"","jetpack_is_tweetstorm":false},"categories":[9,53],"tags":[],"jetpack_featured_media_url":"","jetpack_publicize_connections":[],"jetpack_sharing_enabled":true,"jetpack_shortlink":"https:\/\/wp.me\/p9222d-1oT","jetpack-related-posts":[{"id":6431,"url":"https:\/\/www.fsl.lu\/index.php\/2026\/01\/07\/report-de-la-journee-de-championnat-du-7-janvier-2026\/","url_meta":{"origin":5387,"position":0},"title":"Report de la journ\u00e9e de championnat du 7 janvier 2026","date":"January 7, 2026","format":false,"excerpt":"En raison de l'alerte m\u00e9t\u00e9o pr\u00e9vue aujourd'hui sur l'ensemble du pays, la commission technique a d\u00e9cid\u00e9 de reporter la journ\u00e9e de championnat au mercredi 28 janvier.","rel":"","context":"In &quot;News&quot;","img":{"alt_text":"","src":"","width":0,"height":0},"classes":[]},{"id":3749,"url":"https:\/\/www.fsl.lu\/index.php\/2020\/04\/09\/fin-du-championnat-par-equipes-mixte\/","url_meta":{"origin":5387,"position":1},"title":"Fin du championnat par \u00e9quipes mixte","date":"April 9, 2020","format":false,"excerpt":"Les mesures de confinement \u00e9tant prolong\u00e9es, il n'est maintenant malheureusement plus possible de terminer le championnat par \u00e9quipes mixte avant l'\u00e9t\u00e9. En cons\u00e9quence le Conseil d'Administration de la FSL a d\u00e9cid\u00e9 d'arr\u00eater le classement \u00e0 la journ\u00e9e 6 pour la division Champion (cycle complet aller\/retour) et \u00e0 la journ\u00e9e 5\u2026","rel":"","context":"In &quot;Calendar&quot;","img":{"alt_text":"","src":"https:\/\/i2.wp.com\/www.fsl.lu\/wp-content\/uploads\/2020\/04\/Classement2019-2020-Final.jpg?resize=350%2C200&ssl=1","width":350,"height":200},"classes":[]},{"id":891,"url":"https:\/\/www.fsl.lu\/index.php\/2016\/05\/16\/champions-2015-2016\/","url_meta":{"origin":5387,"position":2},"title":"Champions 2015-2016","date":"May 16, 2016","format":false,"excerpt":"F\u00e9licitations au Squash Club de P\u00e9tange pour avoir remport\u00e9 le Championnat par \u00e9quipes 2015-2016. A \u00e9galit\u00e9 avec SCS avant la derni\u00e8re journ\u00e9e de championnat, c'\u00e9tait donc la derni\u00e8re rencontre de la saison qui allait d\u00e9terminer le champion 2015-2016. Cette finale refl\u00e9tait la saison enti\u00e8re, car elle se terminait elle aussi\u2026","rel":"","context":"In &quot;News&quot;","img":{"alt_text":"","src":"https:\/\/i0.wp.com\/fsl.lu\/wp-content\/uploads\/2016\/05\/2016PetangeChampion1.jpg?resize=350%2C200","width":350,"height":200},"classes":[]},{"id":6051,"url":"https:\/\/www.fsl.lu\/index.php\/2025\/04\/03\/petange-champion-2024-2025\/","url_meta":{"origin":5387,"position":3},"title":"P\u00e9tange Champion 2024-2025","date":"April 3, 2025","format":false,"excerpt":"P\u00e9tange s'est impos\u00e9 2-2 7 jeux \u00e0 6 aux d\u00e9pens de Top Squash lors de la derni\u00e8re journ\u00e9e de championnat pour devenir champion par \u00e9quipes 2024-2025. F\u00e9licitations aux champions ! Alex Savini, pr\u00e9sident de P\u00e9tange, brandit le troph\u00e9e remport\u00e9 par le club. De gauche \u00e0 droite: Rudolf Fries, Kyllian Hebbelinck,\u2026","rel":"","context":"In &quot;News&quot;","img":{"alt_text":"","src":"https:\/\/i2.wp.com\/www.fsl.lu\/wp-content\/uploads\/2025\/04\/PET-Champion2025-2.jpg?resize=350%2C200&ssl=1","width":350,"height":200},"classes":[]},{"id":4516,"url":"https:\/\/www.fsl.lu\/index.php\/2022\/08\/18\/demarrage-de-la-saison-2022-2023\/","url_meta":{"origin":5387,"position":4},"title":"D\u00e9marrage de la saison 2022-2023","date":"August 18, 2022","format":false,"excerpt":"Coupe : 1er tour le 21 septembre 2022 Championnat : 1\u00e8re journ\u00e9e le 28 septembre 2022 30 septembre et 1er octobre : Open de P\u00e9tange","rel":"","context":"In &quot;Calendar&quot;","img":{"alt_text":"","src":"","width":0,"height":0},"classes":[]},{"id":5394,"url":"https:\/\/www.fsl.lu\/index.php\/2024\/01\/20\/championnat-federal-2024\/","url_meta":{"origin":5387,"position":5},"title":"Championnat f\u00e9d\u00e9ral individuel 2024","date":"January 20, 2024","format":false,"excerpt":"","rel":"","context":"In &quot;Ladies&quot;","img":{"alt_text":"","src":"https:\/\/i0.wp.com\/www.fsl.lu\/wp-content\/uploads\/2024\/01\/FED2024_poster.jpg?resize=350%2C200&ssl=1","width":350,"height":200},"classes":[]}],"jetpack_likes_enabled":true,"_links":{"self":[{"href":"https:\/\/www.fsl.lu\/index.php\/wp-json\/wp\/v2\/posts\/5387"}],"collection":[{"href":"https:\/\/www.fsl.lu\/index.php\/wp-json\/wp\/v2\/posts"}],"about":[{"href":"https:\/\/www.fsl.lu\/index.php\/wp-json\/wp\/v2\/types\/post"}],"author":[{"embeddable":true,"href":"https:\/\/www.fsl.lu\/index.php\/wp-json\/wp\/v2\/users\/3"}],"replies":[{"embeddable":true,"href":"https:\/\/www.fsl.lu\/index.php\/wp-json\/wp\/v2\/comments?post=5387"}],"version-history":[{"count":3,"href":"https:\/\/www.fsl.lu\/index.php\/wp-json\/wp\/v2\/posts\/5387\/revisions"}],"predecessor-version":[{"id":5392,"href":"https:\/\/www.fsl.lu\/index.php\/wp-json\/wp\/v2\/posts\/5387\/revisions\/5392"}],"wp:attachment":[{"href":"https:\/\/www.fsl.lu\/index.php\/wp-json\/wp\/v2\/media?parent=5387"}],"wp:term":[{"taxonomy":"category","embeddable":true,"href":"https:\/\/www.fsl.lu\/index.php\/wp-json\/wp\/v2\/categories?post=5387"},{"taxonomy":"post_tag","embeddable":true,"href":"https:\/\/www.fsl.lu\/index.php\/wp-json\/wp\/v2\/tags?post=5387"}],"curies":[{"name":"wp","href":"https:\/\/api.w.org\/{rel}","templated":true}]}}