{"id":5485,"date":"2024-03-22T07:53:59","date_gmt":"2024-03-22T07:53:59","guid":{"rendered":"https:\/\/www.fsl.lu\/?p=5485"},"modified":"2024-03-22T07:55:02","modified_gmt":"2024-03-22T07:55:02","slug":"etc3-2024-in-bucharest-players-selection","status":"publish","type":"post","link":"https:\/\/www.fsl.lu\/index.php\/2024\/03\/22\/etc3-2024-in-bucharest-players-selection\/","title":{"rendered":"ETC3 2024 in Bucharest &#8211; Players selection"},"content":{"rendered":"<p>We are pleased to announce this year players selection for the ETC3 2024!<\/p>\n<p>Congratulations!<\/p>\n<p>Women&#8217;s team:<\/p>\n<ul>\n<li>Eli Ruiz-Kaiser<\/li>\n<li>Sandra Denis<\/li>\n<li>Enas Mohamed Tawfik<\/li>\n<li>Mich\u00e8le Meyer<\/li>\n<li>Fran\u00e7oise Donven (non-travelling reserve)<\/li>\n<\/ul>\n<p>Men&#8217;s team:<\/p>\n<ul>\n<li>Amir Samimi<\/li>\n<li>Mark Radley<\/li>\n<li>Miguel Duarte<\/li>\n<li>Kyllian Hebbelinck<\/li>\n<li>Daniel Kaiser<\/li>\n<\/ul>\n<p>&nbsp;The event will be taking place from the <a href=\"https:\/\/www.europeansquash.com\/sport\/tournament?id=E61EB4C0-E98C-43B7-BF8C-D2A19B74D3EF\">17 to the 20th of April 2024<\/a> in Bucharest.<\/p>\n<p>Good luck to our teams!<\/p>\n<p><a href=\"https:\/\/www.fsl.lu\/?attachment_id=5486\" rel=\"attachment wp-att-5486\"><img data-attachment-id=\"5486\" data-permalink=\"https:\/\/www.fsl.lu\/index.php\/2024\/03\/22\/etc3-2024-in-bucharest-players-selection\/etc2024\/\" data-orig-file=\"https:\/\/i2.wp.com\/www.fsl.lu\/wp-content\/uploads\/2024\/03\/ETC2024.png?fit=1241%2C1754&amp;ssl=1\" data-orig-size=\"1241,1754\" data-comments-opened=\"1\" data-image-meta=\"{&quot;aperture&quot;:&quot;0&quot;,&quot;credit&quot;:&quot;&quot;,&quot;camera&quot;:&quot;&quot;,&quot;caption&quot;:&quot;&quot;,&quot;created_timestamp&quot;:&quot;0&quot;,&quot;copyright&quot;:&quot;&quot;,&quot;focal_length&quot;:&quot;0&quot;,&quot;iso&quot;:&quot;0&quot;,&quot;shutter_speed&quot;:&quot;0&quot;,&quot;title&quot;:&quot;&quot;,&quot;orientation&quot;:&quot;0&quot;}\" data-image-title=\"ETC2024\" data-image-description=\"\" data-image-caption=\"\" data-medium-file=\"https:\/\/i2.wp.com\/www.fsl.lu\/wp-content\/uploads\/2024\/03\/ETC2024.png?fit=212%2C300&amp;ssl=1\" data-large-file=\"https:\/\/i2.wp.com\/www.fsl.lu\/wp-content\/uploads\/2024\/03\/ETC2024.png?fit=725%2C1024&amp;ssl=1\" loading=\"lazy\" class=\"alignnone  wp-image-5486\" src=\"https:\/\/i2.wp.com\/www.fsl.lu\/wp-content\/uploads\/2024\/03\/ETC2024.png?resize=601%2C850&#038;ssl=1\" alt=\"\" width=\"601\" height=\"850\" srcset=\"https:\/\/i2.wp.com\/www.fsl.lu\/wp-content\/uploads\/2024\/03\/ETC2024.png?w=1241&amp;ssl=1 1241w, https:\/\/i2.wp.com\/www.fsl.lu\/wp-content\/uploads\/2024\/03\/ETC2024.png?resize=212%2C300&amp;ssl=1 212w, https:\/\/i2.wp.com\/www.fsl.lu\/wp-content\/uploads\/2024\/03\/ETC2024.png?resize=725%2C1024&amp;ssl=1 725w, https:\/\/i2.wp.com\/www.fsl.lu\/wp-content\/uploads\/2024\/03\/ETC2024.png?resize=768%2C1085&amp;ssl=1 768w, https:\/\/i2.wp.com\/www.fsl.lu\/wp-content\/uploads\/2024\/03\/ETC2024.png?resize=1087%2C1536&amp;ssl=1 1087w\" sizes=\"(max-width: 601px) 100vw, 601px\" data-recalc-dims=\"1\" \/><\/a><\/p>\n<p>&nbsp;<\/p>\n","protected":false},"excerpt":{"rendered":"<p>We are pleased to announce this year players selection for the ETC3 2024! Congratulations! Women&#8217;s team: Eli Ruiz-Kaiser Sandra Denis Enas Mohamed Tawfik Mich\u00e8le Meyer Fran\u00e7oise Donven (non-travelling reserve) Men&#8217;s team: Amir Samimi Mark Radley Miguel Duarte Kyllian Hebbelinck Daniel Kaiser &nbsp;The event will be taking place from the 17 to the 20th of April 2024 in Bucharest. Good luck to our teams! &nbsp;<\/p>\n","protected":false},"author":3,"featured_media":0,"comment_status":"open","ping_status":"open","sticky":true,"template":"","format":"standard","meta":{"ngg_post_thumbnail":0,"spay_email":"","jetpack_publicize_message":"","jetpack_is_tweetstorm":false},"categories":[7,39,6,9],"tags":[],"jetpack_featured_media_url":"","jetpack_publicize_connections":[],"jetpack_sharing_enabled":true,"jetpack_shortlink":"https:\/\/wp.me\/p9222d-1qt","jetpack-related-posts":[{"id":5999,"url":"https:\/\/www.fsl.lu\/index.php\/2025\/03\/04\/etc3-2025-in-malta-players-selection\/","url_meta":{"origin":5485,"position":0},"title":"ETC3 2025 in Malta - Players selection","date":"March 4, 2025","format":false,"excerpt":"We are pleased to announce this year players selection for the ETC3 2025! Congratulations! Women's team: Sandra Denis Enas Mohamed Tawfik Mich\u00e8le Meyer St\u00e9phanie Demuth Bianca Bidoli (non-travelling reserve) Men's team: Amir Samimi Mark Radley Danny Hutchines Kyllian Hebbelinck Daniel Kaiser Jack Darlington (non-travelling reserve) \u00a0The event will be taking\u2026","rel":"","context":"In &quot;European Events&quot;","img":{"alt_text":"","src":"","width":0,"height":0},"classes":[]},{"id":4944,"url":"https:\/\/www.fsl.lu\/index.php\/2023\/03\/01\/etc3-2023-in-gibraltar-player-selection\/","url_meta":{"origin":5485,"position":1},"title":"ETC3 2023 in Gibraltar - Player selection","date":"March 1, 2023","format":false,"excerpt":"We are pleased to announce this years player selection for the ETC3 2023! Congratulations! Women's team: Sandra Denis Fran\u00e7oise Donven St\u00e9phanie Demuth Mich\u00e8le Meyer Dolunay Soykan (non-travelling reserve) Men's team: Amir Samimi Mark Radley Daniel Hutchines Kyllian Hebbelinck Rapha\u00ebl Magron Guillaume Plancke (non-travelling reserve) \u00a0The event will be taking place\u2026","rel":"","context":"Similar post","img":{"alt_text":"","src":"","width":0,"height":0},"classes":[]},{"id":2128,"url":"https:\/\/www.fsl.lu\/index.php\/2018\/04\/28\/etc3-2018-in-riga-latvia\/","url_meta":{"origin":5485,"position":2},"title":"ETC3 2018 in Riga, Latvia","date":"April 28, 2018","format":false,"excerpt":"A record number of teams, 27, participated in the European Team Championship Division 3 in Riga from 25 April through 28 April, 2018. The Championship was held in Pepsi center, the largest squash club in Latvia with 8 squash courts.\u00a09 women\u2019s teams and 18 men\u2019s teams combined 133 squash players\u2026","rel":"","context":"In &quot;ETC2018&quot;","img":{"alt_text":"","src":"https:\/\/i0.wp.com\/fsl.lu\/wp-content\/uploads\/2018\/05\/etc3logo.jpg?resize=350%2C200","width":350,"height":200},"classes":[]},{"id":3727,"url":"https:\/\/www.fsl.lu\/index.php\/2020\/03\/10\/etc3-cancellation\/","url_meta":{"origin":5485,"position":3},"title":"ETC3 Cancellation","date":"March 10, 2020","format":false,"excerpt":"","rel":"","context":"In &quot;Calendar&quot;","img":{"alt_text":"","src":"https:\/\/i0.wp.com\/www.fsl.lu\/wp-content\/uploads\/2020\/03\/ETC3_Cancellation.jpg?resize=350%2C200&ssl=1","width":350,"height":200},"classes":[]},{"id":2104,"url":"https:\/\/www.fsl.lu\/index.php\/2018\/05\/13\/european-u15-u17-junior-squashteam-championships\/","url_meta":{"origin":5485,"position":4},"title":"European U15 & U17 Junior SquashTeam Championships","date":"May 13, 2018","format":false,"excerpt":"The Luxembourg National Junior Teams U15 and U17 travelled to Malmo, Sweden for the European Team Championships U15\/U17. The Team Managers were Jordi Ruiz-Kaiser and C\u00e9line Ancelet-David, with the National Coach Mark Andrew Burke rounding out the management of the team. The trip was very easy, flight to Copenhagen and\u2026","rel":"","context":"In &quot;ETC2018&quot;","img":{"alt_text":"","src":"https:\/\/i1.wp.com\/fsl.lu\/wp-content\/uploads\/2018\/05\/Screen-Shot-2018-05-20-at-19.51.33.png?resize=350%2C200","width":350,"height":200},"classes":[]},{"id":452,"url":"https:\/\/www.fsl.lu\/index.php\/2012\/02\/28\/euroeuropean-national-team-championships-2012-division-3\/","url_meta":{"origin":5485,"position":5},"title":"European National Team Championships 2012 - Division 3","date":"February 28, 2012","format":false,"excerpt":"National coach Daniel Verhoeven recently nominated the team that will represent Luxembourg at the European National Team Championships 2012 - Division 3, which will be held in Malta, between April 18 and 21. The nominated team is: Sanjay Raval, Niall Woodger, Danny Hutchines, Daniel Kaiser & Mark Radley. 20 teams\u2026","rel":"","context":"In &quot;ETC2012&quot;","img":{"alt_text":"","src":"","width":0,"height":0},"classes":[]}],"jetpack_likes_enabled":true,"_links":{"self":[{"href":"https:\/\/www.fsl.lu\/index.php\/wp-json\/wp\/v2\/posts\/5485"}],"collection":[{"href":"https:\/\/www.fsl.lu\/index.php\/wp-json\/wp\/v2\/posts"}],"about":[{"href":"https:\/\/www.fsl.lu\/index.php\/wp-json\/wp\/v2\/types\/post"}],"author":[{"embeddable":true,"href":"https:\/\/www.fsl.lu\/index.php\/wp-json\/wp\/v2\/users\/3"}],"replies":[{"embeddable":true,"href":"https:\/\/www.fsl.lu\/index.php\/wp-json\/wp\/v2\/comments?post=5485"}],"version-history":[{"count":2,"href":"https:\/\/www.fsl.lu\/index.php\/wp-json\/wp\/v2\/posts\/5485\/revisions"}],"predecessor-version":[{"id":5488,"href":"https:\/\/www.fsl.lu\/index.php\/wp-json\/wp\/v2\/posts\/5485\/revisions\/5488"}],"wp:attachment":[{"href":"https:\/\/www.fsl.lu\/index.php\/wp-json\/wp\/v2\/media?parent=5485"}],"wp:term":[{"taxonomy":"category","embeddable":true,"href":"https:\/\/www.fsl.lu\/index.php\/wp-json\/wp\/v2\/categories?post=5485"},{"taxonomy":"post_tag","embeddable":true,"href":"https:\/\/www.fsl.lu\/index.php\/wp-json\/wp\/v2\/tags?post=5485"}],"curies":[{"name":"wp","href":"https:\/\/api.w.org\/{rel}","templated":true}]}}