{"id":6671,"date":"2026-08-31T06:41:02","date_gmt":"2026-08-31T06:41:02","guid":{"rendered":"https:\/\/www.fsl.lu\/?p=6671"},"modified":"2026-08-31T06:41:02","modified_gmt":"2026-08-31T06:41:02","slug":"reprise-des-competitions","status":"publish","type":"post","link":"https:\/\/www.fsl.lu\/index.php\/2026\/08\/31\/reprise-des-competitions\/","title":{"rendered":"Reprise des comp\u00e9titions"},"content":{"rendered":"<p>Coupe : 23 septembre<\/p>\n<p>Championnat par \u00e9quipes : 30 septembre<\/p>\n","protected":false},"excerpt":{"rendered":"<p>Coupe : 23 septembre Championnat par \u00e9quipes : 30 septembre<\/p>\n","protected":false},"author":3,"featured_media":0,"comment_status":"open","ping_status":"open","sticky":true,"template":"","format":"standard","meta":{"ngg_post_thumbnail":0,"spay_email":"","jetpack_publicize_message":"","jetpack_is_tweetstorm":false},"categories":[7,9],"tags":[],"jetpack_featured_media_url":"","jetpack_publicize_connections":[],"jetpack_sharing_enabled":true,"jetpack_shortlink":"https:\/\/wp.me\/p9222d-1JB","jetpack-related-posts":[{"id":3822,"url":"https:\/\/www.fsl.lu\/index.php\/2020\/09\/16\/reprise-des-competitions-covid-19\/","url_meta":{"origin":6671,"position":0},"title":"Reprise des comp\u00e9titions - Covid-19","date":"September 16, 2020","format":false,"excerpt":"Le d\u00e9marrage de la saison a lieu mercredi 16 septembre 2020 avec le premier tour de la Coupe de Luxembourg suivi du championnat par \u00e9quipes la semaine suivante. Seuls les 2 joueurs sur le court seront exempts du port du masque. Toutes les autres personnes devront garder leur distance et\u2026","rel":"","context":"In &quot;News&quot;","img":{"alt_text":"","src":"","width":0,"height":0},"classes":[]},{"id":3886,"url":"https:\/\/www.fsl.lu\/index.php\/2020\/10\/23\/suspension-des-competitions\/","url_meta":{"origin":6671,"position":1},"title":"Suspension des comp\u00e9titions","date":"October 23, 2020","format":false,"excerpt":"\u00c9tant donn\u00e9 la d\u00e9gradation de la situation sanitaire dans toute la r\u00e9gion, les difficult\u00e9s des clubs pour composer leurs \u00e9quipes et l'impossibilit\u00e9 de Mont-Saint-Martin de continuer le championnat en raison du couvre-feu instaur\u00e9 en Meurthe-et-Moselle, la commission technique a d\u00e9cid\u00e9 de suspendre le championnat jusqu'\u00e0 nouvel ordre. Les \u00e9quipes ayant\u2026","rel":"","context":"In &quot;Calendar&quot;","img":{"alt_text":"","src":"","width":0,"height":0},"classes":[]},{"id":3749,"url":"https:\/\/www.fsl.lu\/index.php\/2020\/04\/09\/fin-du-championnat-par-equipes-mixte\/","url_meta":{"origin":6671,"position":2},"title":"Fin du championnat par \u00e9quipes mixte","date":"April 9, 2020","format":false,"excerpt":"Les mesures de confinement \u00e9tant prolong\u00e9es, il n'est maintenant malheureusement plus possible de terminer le championnat par \u00e9quipes mixte avant l'\u00e9t\u00e9. En cons\u00e9quence le Conseil d'Administration de la FSL a d\u00e9cid\u00e9 d'arr\u00eater le classement \u00e0 la journ\u00e9e 6 pour la division Champion (cycle complet aller\/retour) et \u00e0 la journ\u00e9e 5\u2026","rel":"","context":"In &quot;Calendar&quot;","img":{"alt_text":"","src":"https:\/\/i2.wp.com\/www.fsl.lu\/wp-content\/uploads\/2020\/04\/Classement2019-2020-Final.jpg?resize=350%2C200&ssl=1","width":350,"height":200},"classes":[]},{"id":3811,"url":"https:\/\/www.fsl.lu\/index.php\/2020\/09\/10\/champions-2019-2020\/","url_meta":{"origin":6671,"position":3},"title":"Champions 2019-2020","date":"September 10, 2020","format":false,"excerpt":"Mercredi 9 septembre ont eu lieu au centre f\u00e9d\u00e9ral \u00e0 Kockelscheuer la finale de la Coupe de Luxembourg 2019\/2020 entre Angels et Ettelbr\u00fcck ainsi que la derni\u00e8re journ\u00e9e du championnat f\u00e9minin par \u00e9quipes 2019\/2020. Le Squash Club Ettelbr\u00fcck a remport\u00e9 la Coupe de Luxembourg 3\/1 et les joueuses du Squash\u2026","rel":"","context":"In &quot;Coupe&quot;","img":{"alt_text":"","src":"https:\/\/i0.wp.com\/www.fsl.lu\/wp-content\/uploads\/2020\/09\/Champions19-20.jpg?resize=350%2C200&ssl=1","width":350,"height":200},"classes":[]},{"id":4021,"url":"https:\/\/www.fsl.lu\/index.php\/2021\/09\/13\/calendrier-championnat-par-equipes-2021-22\/","url_meta":{"origin":6671,"position":4},"title":"Calendrier championnat par \u00e9quipes 2021-22","date":"September 13, 2021","format":false,"excerpt":"Les calendriers pour la coupe et le championnat f\u00e9minin seront publi\u00e9s ult\u00e9rieurement mais voici les dates: Ladies: Jeudi 21\/10\/21, Jeudi 18\/11\/21, Jeudi 09\/12\/21, Jeudi 20\/01\/22, Jeudi 24\/02\/22, Jeudi 17\/03\/22 Coupe: Mercredi 15\/12\/21, Mercredi 05\/01\/22, Mercredi 09\/02\/22, Mercredi 27\/04\/22. La FSL. \u00a0","rel":"","context":"In &quot;Calendar&quot;","img":{"alt_text":"","src":"https:\/\/i0.wp.com\/www.fsl.lu\/wp-content\/uploads\/2021\/09\/Calendrier2021-2022-1.jpg?resize=350%2C200&ssl=1","width":350,"height":200},"classes":[]},{"id":4017,"url":"https:\/\/www.fsl.lu\/index.php\/2021\/09\/03\/championnat-2021-2022\/","url_meta":{"origin":6671,"position":5},"title":"Championnat 2021-2022","date":"September 3, 2021","format":false,"excerpt":"Bonjour, Le championnat par \u00e9quipes reprendra le 29 Septembre. Il est \u00e9vident que cela se fera sous le r\u00e9gime du \u00ab Covid Check \u00bb. Nous vous enverrons les d\u00e9tails (calendrier, r\u00e8gles sanitaires\u2026) d\u00e8s que tout sera finalis\u00e9. A bient\u00f4t, La FSL.","rel":"","context":"In &quot;Calendar&quot;","img":{"alt_text":"","src":"","width":0,"height":0},"classes":[]}],"jetpack_likes_enabled":true,"_links":{"self":[{"href":"https:\/\/www.fsl.lu\/index.php\/wp-json\/wp\/v2\/posts\/6671"}],"collection":[{"href":"https:\/\/www.fsl.lu\/index.php\/wp-json\/wp\/v2\/posts"}],"about":[{"href":"https:\/\/www.fsl.lu\/index.php\/wp-json\/wp\/v2\/types\/post"}],"author":[{"embeddable":true,"href":"https:\/\/www.fsl.lu\/index.php\/wp-json\/wp\/v2\/users\/3"}],"replies":[{"embeddable":true,"href":"https:\/\/www.fsl.lu\/index.php\/wp-json\/wp\/v2\/comments?post=6671"}],"version-history":[{"count":1,"href":"https:\/\/www.fsl.lu\/index.php\/wp-json\/wp\/v2\/posts\/6671\/revisions"}],"predecessor-version":[{"id":6672,"href":"https:\/\/www.fsl.lu\/index.php\/wp-json\/wp\/v2\/posts\/6671\/revisions\/6672"}],"wp:attachment":[{"href":"https:\/\/www.fsl.lu\/index.php\/wp-json\/wp\/v2\/media?parent=6671"}],"wp:term":[{"taxonomy":"category","embeddable":true,"href":"https:\/\/www.fsl.lu\/index.php\/wp-json\/wp\/v2\/categories?post=6671"},{"taxonomy":"post_tag","embeddable":true,"href":"https:\/\/www.fsl.lu\/index.php\/wp-json\/wp\/v2\/tags?post=6671"}],"curies":[{"name":"wp","href":"https:\/\/api.w.org\/{rel}","templated":true}]}}