{"id":6673,"date":"2026-08-31T06:53:41","date_gmt":"2026-08-31T06:53:41","guid":{"rendered":"https:\/\/www.fsl.lu\/?p=6673"},"modified":"2026-08-31T06:53:41","modified_gmt":"2026-08-31T06:53:41","slug":"tournoi-de-rentree-scs","status":"publish","type":"post","link":"https:\/\/www.fsl.lu\/index.php\/2026\/08\/31\/tournoi-de-rentree-scs\/","title":{"rendered":"Tournoi de Rentr\u00e9e SCS"},"content":{"rendered":"<p><a href=\"https:\/\/www.fsl.lu\/?attachment_id=6674\" rel=\"attachment wp-att-6674\"><img data-attachment-id=\"6674\" data-permalink=\"https:\/\/www.fsl.lu\/index.php\/2026\/08\/31\/tournoi-de-rentree-scs\/scsopening2026\/\" data-orig-file=\"https:\/\/i2.wp.com\/www.fsl.lu\/wp-content\/uploads\/2026\/08\/SCSOpening2026.jpg?fit=1200%2C1696&amp;ssl=1\" data-orig-size=\"1200,1696\" data-comments-opened=\"1\" data-image-meta=\"{&quot;aperture&quot;:&quot;0&quot;,&quot;credit&quot;:&quot;&quot;,&quot;camera&quot;:&quot;&quot;,&quot;caption&quot;:&quot;&quot;,&quot;created_timestamp&quot;:&quot;0&quot;,&quot;copyright&quot;:&quot;&quot;,&quot;focal_length&quot;:&quot;0&quot;,&quot;iso&quot;:&quot;0&quot;,&quot;shutter_speed&quot;:&quot;0&quot;,&quot;title&quot;:&quot;&quot;,&quot;orientation&quot;:&quot;0&quot;}\" data-image-title=\"SCSOpening2026\" data-image-description=\"\" data-image-caption=\"\" data-medium-file=\"https:\/\/i2.wp.com\/www.fsl.lu\/wp-content\/uploads\/2026\/08\/SCSOpening2026.jpg?fit=212%2C300&amp;ssl=1\" data-large-file=\"https:\/\/i2.wp.com\/www.fsl.lu\/wp-content\/uploads\/2026\/08\/SCSOpening2026.jpg?fit=725%2C1024&amp;ssl=1\" loading=\"lazy\" class=\"alignnone size-full wp-image-6674\" src=\"https:\/\/i2.wp.com\/www.fsl.lu\/wp-content\/uploads\/2026\/08\/SCSOpening2026.jpg?resize=900%2C1272&#038;ssl=1\" alt=\"\" width=\"900\" height=\"1272\" srcset=\"https:\/\/i2.wp.com\/www.fsl.lu\/wp-content\/uploads\/2026\/08\/SCSOpening2026.jpg?w=1200&amp;ssl=1 1200w, https:\/\/i2.wp.com\/www.fsl.lu\/wp-content\/uploads\/2026\/08\/SCSOpening2026.jpg?resize=212%2C300&amp;ssl=1 212w, https:\/\/i2.wp.com\/www.fsl.lu\/wp-content\/uploads\/2026\/08\/SCSOpening2026.jpg?resize=725%2C1024&amp;ssl=1 725w, https:\/\/i2.wp.com\/www.fsl.lu\/wp-content\/uploads\/2026\/08\/SCSOpening2026.jpg?resize=768%2C1085&amp;ssl=1 768w, https:\/\/i2.wp.com\/www.fsl.lu\/wp-content\/uploads\/2026\/08\/SCSOpening2026.jpg?resize=1087%2C1536&amp;ssl=1 1087w\" sizes=\"(max-width: 900px) 100vw, 900px\" data-recalc-dims=\"1\" \/><\/a><\/p>\n","protected":false},"excerpt":{"rendered":"","protected":false},"author":3,"featured_media":0,"comment_status":"open","ping_status":"open","sticky":true,"template":"","format":"standard","meta":{"ngg_post_thumbnail":0,"spay_email":"","jetpack_publicize_message":"","jetpack_is_tweetstorm":false},"categories":[7,9,51],"tags":[],"jetpack_featured_media_url":"","jetpack_publicize_connections":[],"jetpack_sharing_enabled":true,"jetpack_shortlink":"https:\/\/wp.me\/p9222d-1JD","jetpack-related-posts":[{"id":4057,"url":"https:\/\/www.fsl.lu\/index.php\/2021\/09\/24\/feuille-de-match-version-covid-check\/","url_meta":{"origin":6673,"position":0},"title":"Feuille de match version Covid check","date":"September 24, 2021","format":false,"excerpt":"Feuille de match Covid \u00a0","rel":"","context":"In &quot;News&quot;","img":{"alt_text":"","src":"","width":0,"height":0},"classes":[]},{"id":4615,"url":"https:\/\/www.fsl.lu\/index.php\/2022\/09\/20\/annuaire-2022-2023\/","url_meta":{"origin":6673,"position":1},"title":"Annuaire 2022-2023","date":"September 20, 2022","format":false,"excerpt":"La nouvelle version de l'annuaire de la FSL est disponible. Cliquez ci-dessous pour le t\u00e9l\u00e9charger. Annuaire 2022-2023 V1.0 \u00a0","rel":"","context":"In &quot;Calendar&quot;","img":{"alt_text":"","src":"","width":0,"height":0},"classes":[]},{"id":3775,"url":"https:\/\/www.fsl.lu\/index.php\/2020\/08\/10\/recommandations-sanitaires-relatives-a-la-pratique-dactivites-sportives\/","url_meta":{"origin":6673,"position":2},"title":"Recommandations sanitaires relatives \u00e0 la pratique d&#39;activit\u00e9s sportives","date":"August 10, 2020","format":false,"excerpt":"Ci-joint un communiqu\u00e9 du Minist\u00e8re des Sports avec la derni\u00e8re version des recommandations sanitaires relatives \u00e0 la pratique d'activit\u00e9s sportives. Communiqu\u00e9 \u00a0","rel":"","context":"In &quot;News&quot;","img":{"alt_text":"","src":"","width":0,"height":0},"classes":[]},{"id":772,"url":"https:\/\/www.fsl.lu\/index.php\/2015\/02\/03\/black-knight-series-standings-2\/","url_meta":{"origin":6673,"position":3},"title":"Black Knight Series Standings #2","date":"February 3, 2015","format":false,"excerpt":"New Leader for the Black Knight Series Following on from the \u201cClub's Open\u201d held at Top Squash last month it is the resident Head Coach, Nathan Sneyd, who has taken the top position in the Black Knight Series Standings. He racked up his second A Draw win with an impressive\u2026","rel":"","context":"In &quot;News&quot;","img":{"alt_text":"","src":"https:\/\/i0.wp.com\/fsl.lu\/wp-content\/uploads\/2014\/10\/BlackKnightSeries.jpg?resize=350%2C200","width":350,"height":200},"classes":[]},{"id":465,"url":"https:\/\/www.fsl.lu\/index.php\/2012\/04\/20\/etc-2012-day-3\/","url_meta":{"origin":6673,"position":4},"title":"ETC 2012 - Day 3","date":"April 20, 2012","format":false,"excerpt":"Luxembourg plays for bronze! After losing to Norway 3-1 this morning, Luxembourg finished 2nd of their pool, and played against top-seed Ukraine in the semis. Ukraine was too strong for us, beating us 4-0. This means that Luxembourg will play for 3rd or 4th place tomorrow, while Ukraine plays the\u2026","rel":"","context":"In &quot;ETC2012&quot;","img":{"alt_text":"","src":"","width":0,"height":0},"classes":[]},{"id":248,"url":"https:\/\/www.fsl.lu\/index.php\/2009\/10\/17\/esnst-2009-malta-game-3\/","url_meta":{"origin":6673,"position":5},"title":"ESNST 2009 - Malta - Game 3","date":"October 17, 2009","format":false,"excerpt":"Luxembourg finishes 2nd Luxembourg had a tough encounter against Liechtenstein today, and lost 3-2. In the overall standings however, this was just enough to finish ahead of Liechtenstein on the 2nd place!! Luxembourg - Liechtenstein:\u00a0 2-3 Daniel Hutchines - Ralf Wenaweser 3-1\u00a0 (12\/10 7\/11 11\/6 11\/4) Daniel Kaiser - Peter\u2026","rel":"","context":"In &quot;ESNST 2009&quot;","img":{"alt_text":"","src":"https:\/\/i2.wp.com\/fsl.lu\/wp-content\/uploads\/2009\/10\/malta_team_small.jpg?resize=350%2C200","width":350,"height":200},"classes":[]}],"jetpack_likes_enabled":true,"_links":{"self":[{"href":"https:\/\/www.fsl.lu\/index.php\/wp-json\/wp\/v2\/posts\/6673"}],"collection":[{"href":"https:\/\/www.fsl.lu\/index.php\/wp-json\/wp\/v2\/posts"}],"about":[{"href":"https:\/\/www.fsl.lu\/index.php\/wp-json\/wp\/v2\/types\/post"}],"author":[{"embeddable":true,"href":"https:\/\/www.fsl.lu\/index.php\/wp-json\/wp\/v2\/users\/3"}],"replies":[{"embeddable":true,"href":"https:\/\/www.fsl.lu\/index.php\/wp-json\/wp\/v2\/comments?post=6673"}],"version-history":[{"count":1,"href":"https:\/\/www.fsl.lu\/index.php\/wp-json\/wp\/v2\/posts\/6673\/revisions"}],"predecessor-version":[{"id":6675,"href":"https:\/\/www.fsl.lu\/index.php\/wp-json\/wp\/v2\/posts\/6673\/revisions\/6675"}],"wp:attachment":[{"href":"https:\/\/www.fsl.lu\/index.php\/wp-json\/wp\/v2\/media?parent=6673"}],"wp:term":[{"taxonomy":"category","embeddable":true,"href":"https:\/\/www.fsl.lu\/index.php\/wp-json\/wp\/v2\/categories?post=6673"},{"taxonomy":"post_tag","embeddable":true,"href":"https:\/\/www.fsl.lu\/index.php\/wp-json\/wp\/v2\/tags?post=6673"}],"curies":[{"name":"wp","href":"https:\/\/api.w.org\/{rel}","templated":true}]}}