{"id":760,"date":"2014-11-18T20:49:02","date_gmt":"2014-11-18T20:49:02","guid":{"rendered":"http:\/\/fsl.lu\/index.php\/2014\/11\/18\/2014-champions\/"},"modified":"2014-11-18T20:49:02","modified_gmt":"2014-11-18T20:49:02","slug":"2014-champions","status":"publish","type":"post","link":"https:\/\/www.fsl.lu\/index.php\/2014\/11\/18\/2014-champions\/","title":{"rendered":"Championnat National Individuel FSL 2014"},"content":{"rendered":"<p> \t<img data-attachment-id=\"759\" data-permalink=\"https:\/\/www.fsl.lu\/index.php\/2014\/11\/18\/2014-champions\/attachment-2014_champions\/\" data-orig-file=\"https:\/\/i0.wp.com\/www.fsl.lu\/wp-content\/uploads\/2014\/11\/2014_champions.jpg?fit=600%2C361&amp;ssl=1\" data-orig-size=\"600,361\" data-comments-opened=\"1\" data-image-meta=\"{&quot;aperture&quot;:&quot;2.4&quot;,&quot;credit&quot;:&quot;&quot;,&quot;camera&quot;:&quot;iPhone 5&quot;,&quot;caption&quot;:&quot;&quot;,&quot;created_timestamp&quot;:&quot;1415473166&quot;,&quot;copyright&quot;:&quot;&quot;,&quot;focal_length&quot;:&quot;4.12&quot;,&quot;iso&quot;:&quot;125&quot;,&quot;shutter_speed&quot;:&quot;0.05&quot;,&quot;title&quot;:&quot;&quot;,&quot;orientation&quot;:&quot;1&quot;}\" data-image-title=\"2014_champions\" data-image-description=\"\" data-image-caption=\"\" data-medium-file=\"https:\/\/i0.wp.com\/www.fsl.lu\/wp-content\/uploads\/2014\/11\/2014_champions.jpg?fit=300%2C181&amp;ssl=1\" data-large-file=\"https:\/\/i0.wp.com\/www.fsl.lu\/wp-content\/uploads\/2014\/11\/2014_champions.jpg?fit=600%2C361&amp;ssl=1\" loading=\"lazy\" class=\" size-full wp-image-759\" alt=\"\" src=\"https:\/\/i0.wp.com\/fsl.lu\/wp-content\/uploads\/2014\/11\/2014_champions.jpg?resize=600%2C361\" style=\"width: 600px; height: 361px;\" width=\"600\" height=\"361\" srcset=\"https:\/\/i0.wp.com\/www.fsl.lu\/wp-content\/uploads\/2014\/11\/2014_champions.jpg?w=600&amp;ssl=1 600w, https:\/\/i0.wp.com\/www.fsl.lu\/wp-content\/uploads\/2014\/11\/2014_champions.jpg?resize=300%2C181&amp;ssl=1 300w\" sizes=\"(max-width: 600px) 100vw, 600px\" data-recalc-dims=\"1\" \/><\/p>\n<p> \tCongrats to our new champions: Nathan Sneyd (champion f\u00e9d\u00e9ral), Sandra Denis (championne f\u00e9d\u00e9rale et nationale) et Danny Hutchines (champion national) !<\/p>\n","protected":false},"excerpt":{"rendered":"<p>Congrats to our new champions: Nathan Sneyd (champion f\u00e9d\u00e9ral), Sandra Denis (championne f\u00e9d\u00e9rale et nationale) et Danny Hutchines (champion national) !<\/p>\n","protected":false},"author":2,"featured_media":0,"comment_status":"open","ping_status":"open","sticky":false,"template":"","format":"standard","meta":{"ngg_post_thumbnail":0,"spay_email":"","jetpack_publicize_message":"","jetpack_is_tweetstorm":false},"categories":[9],"tags":[],"jetpack_featured_media_url":"","jetpack_publicize_connections":[],"jetpack_sharing_enabled":true,"jetpack_shortlink":"https:\/\/wp.me\/p9222d-cg","jetpack-related-posts":[{"id":3618,"url":"https:\/\/www.fsl.lu\/index.php\/2020\/01\/21\/championnat-national-federal-individuel-2020\/","url_meta":{"origin":760,"position":0},"title":"Championnat national &amp; f\u00e9d\u00e9ral individuel 2020","date":"January 21, 2020","format":false,"excerpt":"\u00a0 \u00a0 De gauche \u00e0 droite: Iulia Bucur (championne nationale et f\u00e9d\u00e9rale), Mark Radley (champion national et f\u00e9d\u00e9ral), Amir Samimi (champion BU17), Adriano Bidoli (Pr\u00e9sident FSL), Eli Ruiz-Kaiser (championne GU17) et Adriano Bidoli. S\u00e9niors \u00a0\u00a0 \u00a0Juniors","rel":"","context":"In &quot;Juniors&quot;","img":{"alt_text":"","src":"https:\/\/i2.wp.com\/www.fsl.lu\/wp-content\/uploads\/2020\/01\/FSL2020-Pic3.jpg?resize=350%2C200&ssl=1","width":350,"height":200},"classes":[]},{"id":704,"url":"https:\/\/www.fsl.lu\/index.php\/2014\/04\/03\/scs-champion-2013-2014\/","url_meta":{"origin":760,"position":1},"title":"SCS Champion 2013\/2014","date":"April 3, 2014","format":false,"excerpt":"Le championnat national par \u00e9quipe s'est achev\u00e9 hier soir et Sandweiler est devenu pour la 3\u00e8me saison cons\u00e9cutive champion ! Bien aid\u00e9e de ses 2 joueurs n\u00e9erlandais, l'\u00e9quipe repr\u00e9sentera fi\u00e8rement le Luxembourg lors des prochains championnat d'Europe des Clubs \u00e0 Nottingham d\u00e9but septembre. \u00a0\u00a0\u00a0\u00a0","rel":"","context":"In &quot;News&quot;","img":{"alt_text":"","src":"https:\/\/i1.wp.com\/fsl.lu\/wp-content\/uploads\/2014\/04\/SCS_Champion_2014-1.jpg?resize=350%2C200","width":350,"height":200},"classes":[]},{"id":513,"url":"https:\/\/www.fsl.lu\/index.php\/2012\/10\/21\/fsl-individual-championship\/","url_meta":{"origin":760,"position":2},"title":"FSL Individual Championship 2012","date":"October 21, 2012","format":false,"excerpt":"Ce vendredi 9 et samedi 10 novembre, la F\u00e9d\u00e9ration Luxembourgeoise de Squash a organis\u00e9 le championnat national individuel. Avec 51 joueurs dans 4 cat\u00e9gories, le tournoi a connu un beau succ\u00e8s, d\u2019autant plus que les meilleurs joueurs jouant au Luxembourg s\u2019\u00e9taient inscrits. Le seul absent de marque \u00e9tait Sanjay Raval,\u2026","rel":"","context":"In &quot;News&quot;","img":{"alt_text":"","src":"https:\/\/i0.wp.com\/fsl.lu\/wp-content\/uploads\/2012\/10\/champions_squash_2012.JPG?resize=350%2C200","width":350,"height":200},"classes":[]},{"id":630,"url":"https:\/\/www.fsl.lu\/index.php\/2013\/11\/18\/fsl-individual-championship-2013\/","url_meta":{"origin":760,"position":3},"title":"FSL Individual Championship 2013","date":"November 18, 2013","format":false,"excerpt":"Vendredi 8 et samedi 9 novembre \u00e0 Top Squash, la F\u00e9d\u00e9ration de Squash Luxembourgeoise a organis\u00e9 le championnat national individuel. Avec une participation en hausse (57 joueurs r\u00e9partis sur 5 tableaux et 114 matchs disput\u00e9s) et un palmar\u00e8s in\u00e9dit, le tournoi a connu un tr\u00e8s beau succ\u00e8s. C'est Dany Hutchines\u2026","rel":"","context":"In &quot;Uncategorised&quot;","img":{"alt_text":"","src":"https:\/\/i0.wp.com\/fsl.lu\/wp-content\/uploads\/2013\/11\/FSL2013-1.jpeg?resize=350%2C200","width":350,"height":200},"classes":[]},{"id":6051,"url":"https:\/\/www.fsl.lu\/index.php\/2025\/04\/03\/petange-champion-2024-2025\/","url_meta":{"origin":760,"position":4},"title":"P\u00e9tange Champion 2024-2025","date":"April 3, 2025","format":false,"excerpt":"P\u00e9tange s'est impos\u00e9 2-2 7 jeux \u00e0 6 aux d\u00e9pens de Top Squash lors de la derni\u00e8re journ\u00e9e de championnat pour devenir champion par \u00e9quipes 2024-2025. F\u00e9licitations aux champions ! Alex Savini, pr\u00e9sident de P\u00e9tange, brandit le troph\u00e9e remport\u00e9 par le club. De gauche \u00e0 droite: Rudolf Fries, Kyllian Hebbelinck,\u2026","rel":"","context":"In &quot;News&quot;","img":{"alt_text":"","src":"https:\/\/i2.wp.com\/www.fsl.lu\/wp-content\/uploads\/2025\/04\/PET-Champion2025-2.jpg?resize=350%2C200&ssl=1","width":350,"height":200},"classes":[]},{"id":6099,"url":"https:\/\/www.fsl.lu\/index.php\/2025\/05\/26\/schengen-champion-2024-2025\/","url_meta":{"origin":760,"position":5},"title":"Schengen Champion 2024-2025","date":"May 26, 2025","format":false,"excerpt":"L'\u00e9quipe de Schengen remporte le championnat f\u00e9minin 2024-2025. Le pr\u00e9sident de la FSL, Guillaume Plancke, remet le troph\u00e9e aux vainqueurs. De gauche \u00e0 droite: Fran\u00e7oise Donven (Angels), Nelly Kellner, Alexandra Kotkolik et Enas Mohamed (Ultimate).","rel":"","context":"In &quot;Ladies&quot;","img":{"alt_text":"","src":"https:\/\/i0.wp.com\/www.fsl.lu\/wp-content\/uploads\/2025\/05\/SFSL-Champion2425-2.png?resize=350%2C200&ssl=1","width":350,"height":200},"classes":[]}],"jetpack_likes_enabled":true,"_links":{"self":[{"href":"https:\/\/www.fsl.lu\/index.php\/wp-json\/wp\/v2\/posts\/760"}],"collection":[{"href":"https:\/\/www.fsl.lu\/index.php\/wp-json\/wp\/v2\/posts"}],"about":[{"href":"https:\/\/www.fsl.lu\/index.php\/wp-json\/wp\/v2\/types\/post"}],"author":[{"embeddable":true,"href":"https:\/\/www.fsl.lu\/index.php\/wp-json\/wp\/v2\/users\/2"}],"replies":[{"embeddable":true,"href":"https:\/\/www.fsl.lu\/index.php\/wp-json\/wp\/v2\/comments?post=760"}],"version-history":[{"count":0,"href":"https:\/\/www.fsl.lu\/index.php\/wp-json\/wp\/v2\/posts\/760\/revisions"}],"wp:attachment":[{"href":"https:\/\/www.fsl.lu\/index.php\/wp-json\/wp\/v2\/media?parent=760"}],"wp:term":[{"taxonomy":"category","embeddable":true,"href":"https:\/\/www.fsl.lu\/index.php\/wp-json\/wp\/v2\/categories?post=760"},{"taxonomy":"post_tag","embeddable":true,"href":"https:\/\/www.fsl.lu\/index.php\/wp-json\/wp\/v2\/tags?post=760"}],"curies":[{"name":"wp","href":"https:\/\/api.w.org\/{rel}","templated":true}]}}