{"id":858,"date":"2015-11-19T08:30:59","date_gmt":"2015-11-19T08:30:59","guid":{"rendered":"http:\/\/fsl.lu\/index.php\/2015\/11\/19\/don\/"},"modified":"2015-11-19T08:30:59","modified_gmt":"2015-11-19T08:30:59","slug":"don","status":"publish","type":"post","link":"https:\/\/www.fsl.lu\/index.php\/2015\/11\/19\/don\/","title":{"rendered":"Tribute to Don MacGregor"},"content":{"rendered":"<p> \t<img data-attachment-id=\"857\" data-permalink=\"https:\/\/www.fsl.lu\/index.php\/2015\/11\/19\/don\/attachment-tributedonmcgregor\/\" data-orig-file=\"https:\/\/i1.wp.com\/www.fsl.lu\/wp-content\/uploads\/2015\/11\/TributeDonMcGregor.jpg?fit=697%2C370&amp;ssl=1\" data-orig-size=\"697,370\" data-comments-opened=\"1\" data-image-meta=\"{&quot;aperture&quot;:&quot;0&quot;,&quot;credit&quot;:&quot;&quot;,&quot;camera&quot;:&quot;&quot;,&quot;caption&quot;:&quot;&quot;,&quot;created_timestamp&quot;:&quot;0&quot;,&quot;copyright&quot;:&quot;&quot;,&quot;focal_length&quot;:&quot;0&quot;,&quot;iso&quot;:&quot;0&quot;,&quot;shutter_speed&quot;:&quot;0&quot;,&quot;title&quot;:&quot;&quot;,&quot;orientation&quot;:&quot;0&quot;}\" data-image-title=\"TributeDonMcGregor\" data-image-description=\"\" data-image-caption=\"\" data-medium-file=\"https:\/\/i1.wp.com\/www.fsl.lu\/wp-content\/uploads\/2015\/11\/TributeDonMcGregor.jpg?fit=300%2C159&amp;ssl=1\" data-large-file=\"https:\/\/i1.wp.com\/www.fsl.lu\/wp-content\/uploads\/2015\/11\/TributeDonMcGregor.jpg?fit=697%2C370&amp;ssl=1\" loading=\"lazy\" class=\" size-full wp-image-857\" alt=\"\" src=\"https:\/\/i1.wp.com\/fsl.lu\/wp-content\/uploads\/2015\/11\/TributeDonMcGregor.jpg?resize=697%2C370\" style=\"width: 697px; height: 370px;\" width=\"697\" height=\"370\" srcset=\"https:\/\/i1.wp.com\/www.fsl.lu\/wp-content\/uploads\/2015\/11\/TributeDonMcGregor.jpg?w=697&amp;ssl=1 697w, https:\/\/i1.wp.com\/www.fsl.lu\/wp-content\/uploads\/2015\/11\/TributeDonMcGregor.jpg?resize=300%2C159&amp;ssl=1 300w\" sizes=\"(max-width: 697px) 100vw, 697px\" data-recalc-dims=\"1\" \/><\/p>\n","protected":false},"excerpt":{"rendered":"","protected":false},"author":2,"featured_media":0,"comment_status":"open","ping_status":"open","sticky":false,"template":"","format":"standard","meta":{"ngg_post_thumbnail":0,"spay_email":"","jetpack_publicize_message":"","jetpack_is_tweetstorm":false},"categories":[9],"tags":[],"jetpack_featured_media_url":"","jetpack_publicize_connections":[],"jetpack_sharing_enabled":true,"jetpack_shortlink":"https:\/\/wp.me\/s9222d-don","jetpack-related-posts":[{"id":939,"url":"https:\/\/www.fsl.lu\/index.php\/2016\/12\/11\/john-wheeler\/","url_meta":{"origin":858,"position":0},"title":"Tribute to John Wheeler","date":"December 11, 2016","format":false,"excerpt":"It is with great sadness that the FSL has to announce the death of its long-serving auditor, John Wheeler, who passed away after a short illness at his home in Bridel at the end of October 2016 aged 69. A long-term resident in Luxembourg, John had always shown a keen\u2026","rel":"","context":"In &quot;News&quot;","img":{"alt_text":"","src":"","width":0,"height":0},"classes":[]},{"id":330,"url":"https:\/\/www.fsl.lu\/index.php\/2011\/02\/03\/junior-squash-luxembourg\/","url_meta":{"origin":858,"position":1},"title":"Junior Squash Luxembourg","date":"February 3, 2011","format":false,"excerpt":"Le premier Open de Luxembourg Junior de Squash (LJO) Pour la toute premi\u00e8re fois dans l'histoire du squash au Luxembourg, le pays est fier d'accueillir le \"Junior Squash Open\". Ce tournoi international prestigieux qui se tiendra \u00e0 Top Squash \u00e0 Sandweiler les 27, 28 & 29 mai 2011, fera dor\u00e9navant\u2026","rel":"","context":"In &quot;News&quot;","img":{"alt_text":"","src":"","width":0,"height":0},"classes":[]},{"id":2385,"url":"https:\/\/www.fsl.lu\/index.php\/2018\/09\/06\/beactive\/","url_meta":{"origin":858,"position":2},"title":"#BEACTIVE","date":"September 6, 2018","format":false,"excerpt":"","rel":"","context":"In &quot;News&quot;","img":{"alt_text":"","src":"https:\/\/i1.wp.com\/fsl.lu\/wp-content\/uploads\/2018\/09\/BeActive2018.jpg?resize=350%2C200","width":350,"height":200},"classes":[]},{"id":576,"url":"https:\/\/www.fsl.lu\/index.php\/2013\/05\/06\/eoso1\/","url_meta":{"origin":858,"position":3},"title":"End of season Open","date":"May 6, 2013","format":false,"excerpt":"","rel":"","context":"In &quot;News&quot;","img":{"alt_text":"","src":"https:\/\/i1.wp.com\/fsl.lu\/wp-content\/uploads\/2013\/05\/EndofSeason2013.jpg?resize=350%2C200","width":350,"height":200},"classes":[]},{"id":495,"url":"https:\/\/www.fsl.lu\/index.php\/2012\/08\/17\/tt\/","url_meta":{"origin":858,"position":4},"title":"Calendrier FSL 2012-2013","date":"August 17, 2012","format":false,"excerpt":"","rel":"","context":"In &quot;News&quot;","img":{"alt_text":"","src":"https:\/\/i2.wp.com\/fsl.lu\/wp-content\/uploads\/2012\/08\/FSL%20Calendar%202012-2013.jpg?resize=350%2C200","width":350,"height":200},"classes":[]},{"id":793,"url":"https:\/\/www.fsl.lu\/index.php\/2015\/05\/04\/racketlon-kockelsheuer\/","url_meta":{"origin":858,"position":5},"title":"Racketlon Kockelsheuer","date":"May 4, 2015","format":false,"excerpt":"","rel":"","context":"In &quot;News&quot;","img":{"alt_text":"","src":"https:\/\/i1.wp.com\/fsl.lu\/wp-content\/uploads\/2015\/05\/Racketlon_CK_2015.jpg?resize=350%2C200","width":350,"height":200},"classes":[]}],"jetpack_likes_enabled":true,"_links":{"self":[{"href":"https:\/\/www.fsl.lu\/index.php\/wp-json\/wp\/v2\/posts\/858"}],"collection":[{"href":"https:\/\/www.fsl.lu\/index.php\/wp-json\/wp\/v2\/posts"}],"about":[{"href":"https:\/\/www.fsl.lu\/index.php\/wp-json\/wp\/v2\/types\/post"}],"author":[{"embeddable":true,"href":"https:\/\/www.fsl.lu\/index.php\/wp-json\/wp\/v2\/users\/2"}],"replies":[{"embeddable":true,"href":"https:\/\/www.fsl.lu\/index.php\/wp-json\/wp\/v2\/comments?post=858"}],"version-history":[{"count":0,"href":"https:\/\/www.fsl.lu\/index.php\/wp-json\/wp\/v2\/posts\/858\/revisions"}],"wp:attachment":[{"href":"https:\/\/www.fsl.lu\/index.php\/wp-json\/wp\/v2\/media?parent=858"}],"wp:term":[{"taxonomy":"category","embeddable":true,"href":"https:\/\/www.fsl.lu\/index.php\/wp-json\/wp\/v2\/categories?post=858"},{"taxonomy":"post_tag","embeddable":true,"href":"https:\/\/www.fsl.lu\/index.php\/wp-json\/wp\/v2\/tags?post=858"}],"curies":[{"name":"wp","href":"https:\/\/api.w.org\/{rel}","templated":true}]}}